{"id":2656,"date":"2020-05-22T14:23:50","date_gmt":"2020-05-22T14:23:50","guid":{"rendered":"http:\/\/www.segurosgoiena.com\/albisteak\/se-disparan-las-consultas-sobre-seguros\/"},"modified":"2020-05-22T15:24:30","modified_gmt":"2020-05-22T15:24:30","slug":"se-disparan-las-consultas-sobre-seguros","status":"publish","type":"post","link":"http:\/\/www.segurosgoiena.com\/eu\/albisteak\/se-disparan-las-consultas-sobre-seguros\/","title":{"rendered":"Aseguruei buruzko kontsultak ugaritu egin dira"},"content":{"rendered":"\n<p>Azken hilabete hauetan oso egoera berezia bizitzen ari gara, bizitzako arlo guztiei eragiten diena, eta guztioi sortzen zaizkigu etorkizunari buruzko zalantzak eta kezkak. Testuinguru horretan, kontsulta asko egin zaizkie aseguru-bitartekariei, horiek baitira gure etorkizuneko ongizatearen bermatzaileetako bat, batez ere kontrako egoeretan.<\/p>\n\n\n\n<p>Goiena Aseguru Artekaritzatik gurekin harremanetan jar zaitezen animatu nahi zaitugu, eta inolako konpromisorik gabe Goiena Aseguruak-ekin kontratatuta dituzun aseguruekin lotutako edozein zalantza edo kontsulta argituko dizugu. Arrasateko, Bergarako eta Gasteizko gure bulegoak zabalik daude goizeko ordutegian (9: 00etatik 15: 00etara), eta hurbileko arreta pertsonalizatua eskainiko dizugu.<\/p>\n\n\n\n<h2 class=\"wp-block-heading\">Interes gehien eragiten duten produktuak<\/h2>\n\n\n\n<p>Informazioa eman nahi dizugu, bereziki, alarma-egoera dela-eta interes handiagoa pizten ari diren hainbat produkturi buruz:<\/p>\n\n\n\n<ul class=\"wp-block-list\"><li><a href=\"http:\/\/www.segurosgoiena.com\/eu\/partikularrak\/goiena-aseguruak\/aseguru-pertsonalak\/osasun-asegurua\/\"><strong>Osasun-aseguruak<\/strong>:<\/a> osasun-aseguruak estaltzen al du tratamendua koronabirus garaian?<\/li><li><strong>Bidaiako laguntza<\/strong>: aseguratuak bere gain hartuko al ditu. asegurudunek behar dituzten arreta medikoak?<\/li><li><strong><a href=\"http:\/\/www.segurosgoiena.com\/eu\/partikularrak\/goiena-aseguruak\/beste-asegurubatzuk\/ehorzketa-asegurua\/\">Ehorzketa Asegurua<\/a>:\u00a0<\/strong>koronabirusak eragindako heriotzaren kasuan, ehorzketa eta inguruabar horietatik eratorritako gainerako gastuak ordaintzen dira?<\/li><li><strong><a href=\"http:\/\/www.segurosgoiena.com\/eu\/enpresak\/goiena-aseguruak\/autonomoak\/laneko-baja-eta-gaixotasun-asegurua\/\">Laneko baja Asegurua:<\/a>\u00a0<\/strong>Covid 19 lanbide-gaixotasuntzat jotzen da?<\/li><li><strong>Alokairuaren Ordainketa babestea<\/strong>: alokairuaren berankortasunaren beldurrak ez ordaintzeko aseguruak kontratatzea eta abokatuei kontsultak egitea eragozten du.<\/li><li><a href=\"http:\/\/www.segurosgoiena.com\/eu\/enpresak\/goiena-aseguruak\/arrisku-handien-asegurua-enpresentzat\/erantzukizun-zibila\/do-administratzaileak-eta-zuzendariak\/\"><strong>D&amp;O. Zuzendarien Erantzukizun Zibila<\/strong><\/a>:\u00a0Krisi ekonomiko saihestezinaren aurrean, litekeena da administratzaileen eta zuzendarien aurrean erantzukizun-ekintzak ugaritzea.<\/li><li><strong><a href=\"http:\/\/www.segurosgoiena.com\/eu\/enpresak\/goiena-aseguruak\/enpresa-txiki-eta-ertainak\/ziberarrisku-ziberasegurua\/\">Ziberarrisku Enpresa<\/a>: \u00a0<\/strong>Nola kudeatu pandemiak ekar litzazkeen arriskuak<\/li><\/ul>\n\n\n\n<div class=\"wp-block-group\"><div class=\"wp-block-group__inner-container is-layout-flow wp-block-group-is-layout-flow\">\n<div class=\"wp-block-group\"><div class=\"wp-block-group__inner-container is-layout-flow wp-block-group-is-layout-flow\">\n<div class=\"wp-block-group\"><div class=\"wp-block-group__inner-container is-layout-flow wp-block-group-is-layout-flow\">\n<ul class=\"wp-block-list\"><li>Telelana sistemak aseguratzea.<\/li><li>Egungo egoeraz baliatzen saiatzen diren mehatxuak indargabetzea.<\/li><li> Enpresan segurtasuneko funtzio kritikoei eusteko jarraitutasun-plan bat bermatzea<\/li><\/ul>\n<\/div><\/div>\n<\/div><\/div>\n<\/div><\/div>\n\n\n\n<p class=\"has-text-align-left\">COVID-19k sortutako krisiaren ondorioz, partikularrek eta enpresek osasunaren, laguntzaren eta eraginkortasunaren arloko gai kritikoak egokitu eta azkar erantzun behar dituzte. Egoera hori, ezinbestean, areagotu egiten ari da partikularrek eta enpresek desoreken edo mehatxuen biktima izateko duten probabilitatea, aurrekaririk gabeko egoera horren egungo ziurgabetasuna aprobetxatuz.<\/p>\n","protected":false},"excerpt":{"rendered":"<p>Azken hilabete hauetan oso egoera berezia bizitzen ari gara, bizitzako arlo guztiei eragiten diena, eta guztioi sortzen zaizkigu etorkizunari buruzko zalantzak eta kezkak. Testuinguru horretan, kontsulta asko egin zaizkie aseguru-bitartekariei, horiek baitira gure etorkizuneko ongizatearen bermatzaileetako bat, batez ere kontrako egoeretan. Goiena Aseguru Artekaritzatik gurekin harremanetan jar zaitezen animatu nahi zaitugu, eta inolako konpromisorik gabe [&hellip;]<\/p>\n","protected":false},"author":2,"featured_media":2660,"comment_status":"open","ping_status":"open","sticky":false,"template":"","format":"standard","meta":{"_acf_changed":false,"footnotes":""},"categories":[2,17,18],"tags":[11],"class_list":["post-2656","post","type-post","status-publish","format-standard","has-post-thumbnail","hentry","category-albisteak","category-enpresak","category-partikularrak","tag-goiena-correduria-de-seguros"],"acf":[],"yoast_head":"<!-- This site is optimized with the Yoast SEO plugin v22.5 - https:\/\/yoast.com\/wordpress\/plugins\/seo\/ -->\n<title>seguros y coronavirus<\/title>\n<meta name=\"description\" content=\"Estos \u00faltimos meses estamos viviendo una situaci\u00f3n muy especial que afecta a todos los \u00e1mbitos de la vida y a todos nos surgen dudas y preocupaciones acerca del futuro.\" \/>\n<meta name=\"robots\" content=\"index, follow, max-snippet:-1, max-image-preview:large, max-video-preview:-1\" \/>\n<link rel=\"canonical\" href=\"http:\/\/www.segurosgoiena.com\/eu\/albisteak\/se-disparan-las-consultas-sobre-seguros\/\" \/>\n<meta property=\"og:locale\" content=\"en_US\" \/>\n<meta property=\"og:type\" content=\"article\" \/>\n<meta property=\"og:title\" content=\"seguros y coronavirus\" \/>\n<meta property=\"og:description\" content=\"Estos \u00faltimos meses estamos viviendo una situaci\u00f3n muy especial que afecta a todos los \u00e1mbitos de la vida y a todos nos surgen dudas y preocupaciones acerca del futuro.\" \/>\n<meta property=\"og:url\" content=\"http:\/\/www.segurosgoiena.com\/eu\/albisteak\/se-disparan-las-consultas-sobre-seguros\/\" \/>\n<meta property=\"og:site_name\" content=\"Seguros Goiena\" \/>\n<meta property=\"article:published_time\" content=\"2020-05-22T14:23:50+00:00\" \/>\n<meta property=\"article:modified_time\" content=\"2020-05-22T15:24:30+00:00\" \/>\n<meta property=\"og:image\" content=\"http:\/\/www.segurosgoiena.com\/wp-content\/uploads\/2020\/05\/940x490Eusk-03-1.png\" \/>\n\t<meta property=\"og:image:width\" content=\"958\" \/>\n\t<meta property=\"og:image:height\" content=\"508\" \/>\n\t<meta property=\"og:image:type\" content=\"image\/png\" \/>\n<meta name=\"author\" content=\"jlazkarate\" \/>\n<meta name=\"twitter:card\" content=\"summary_large_image\" \/>\n<meta name=\"twitter:label1\" content=\"Written by\" \/>\n\t<meta name=\"twitter:data1\" content=\"jlazkarate\" \/>\n\t<meta name=\"twitter:label2\" content=\"Est. reading time\" \/>\n\t<meta name=\"twitter:data2\" content=\"1 minutua\" \/>\n<script type=\"application\/ld+json\" class=\"yoast-schema-graph\">{\"@context\":\"https:\/\/schema.org\",\"@graph\":[{\"@type\":\"WebPage\",\"@id\":\"http:\/\/www.segurosgoiena.com\/eu\/albisteak\/se-disparan-las-consultas-sobre-seguros\/\",\"url\":\"http:\/\/www.segurosgoiena.com\/eu\/albisteak\/se-disparan-las-consultas-sobre-seguros\/\",\"name\":\"seguros y coronavirus\",\"isPartOf\":{\"@id\":\"http:\/\/www.segurosgoiena.com\/es\/#website\"},\"primaryImageOfPage\":{\"@id\":\"http:\/\/www.segurosgoiena.com\/eu\/albisteak\/se-disparan-las-consultas-sobre-seguros\/#primaryimage\"},\"image\":{\"@id\":\"http:\/\/www.segurosgoiena.com\/eu\/albisteak\/se-disparan-las-consultas-sobre-seguros\/#primaryimage\"},\"thumbnailUrl\":\"http:\/\/www.segurosgoiena.com\/wp-content\/uploads\/2020\/05\/940x490Eusk-03-1.png\",\"datePublished\":\"2020-05-22T14:23:50+00:00\",\"dateModified\":\"2020-05-22T15:24:30+00:00\",\"author\":{\"@id\":\"http:\/\/www.segurosgoiena.com\/es\/#\/schema\/person\/43fa93a9a4337acc051c6f6bd5d2837a\"},\"description\":\"Estos \u00faltimos meses estamos viviendo una situaci\u00f3n muy especial que afecta a todos los \u00e1mbitos de la vida y a todos nos surgen dudas y preocupaciones acerca del futuro.\",\"breadcrumb\":{\"@id\":\"http:\/\/www.segurosgoiena.com\/eu\/albisteak\/se-disparan-las-consultas-sobre-seguros\/#breadcrumb\"},\"inLanguage\":\"eu\",\"potentialAction\":[{\"@type\":\"ReadAction\",\"target\":[\"http:\/\/www.segurosgoiena.com\/eu\/albisteak\/se-disparan-las-consultas-sobre-seguros\/\"]}]},{\"@type\":\"ImageObject\",\"inLanguage\":\"eu\",\"@id\":\"http:\/\/www.segurosgoiena.com\/eu\/albisteak\/se-disparan-las-consultas-sobre-seguros\/#primaryimage\",\"url\":\"http:\/\/www.segurosgoiena.com\/wp-content\/uploads\/2020\/05\/940x490Eusk-03-1.png\",\"contentUrl\":\"http:\/\/www.segurosgoiena.com\/wp-content\/uploads\/2020\/05\/940x490Eusk-03-1.png\",\"width\":958,\"height\":508},{\"@type\":\"BreadcrumbList\",\"@id\":\"http:\/\/www.segurosgoiena.com\/eu\/albisteak\/se-disparan-las-consultas-sobre-seguros\/#breadcrumb\",\"itemListElement\":[{\"@type\":\"ListItem\",\"position\":1,\"name\":\"Portada\",\"item\":\"http:\/\/www.segurosgoiena.com\/es\/\"},{\"@type\":\"ListItem\",\"position\":2,\"name\":\"Aseguruei buruzko kontsultak ugaritu egin dira\"}]},{\"@type\":\"WebSite\",\"@id\":\"http:\/\/www.segurosgoiena.com\/es\/#website\",\"url\":\"http:\/\/www.segurosgoiena.com\/es\/\",\"name\":\"Seguros Goiena\",\"description\":\"Otro sitio realizado con WordPress\",\"potentialAction\":[{\"@type\":\"SearchAction\",\"target\":{\"@type\":\"EntryPoint\",\"urlTemplate\":\"http:\/\/www.segurosgoiena.com\/es\/?s={search_term_string}\"},\"query-input\":\"required name=search_term_string\"}],\"inLanguage\":\"eu\"},{\"@type\":\"Person\",\"@id\":\"http:\/\/www.segurosgoiena.com\/es\/#\/schema\/person\/43fa93a9a4337acc051c6f6bd5d2837a\",\"name\":\"jlazkarate\",\"image\":{\"@type\":\"ImageObject\",\"inLanguage\":\"eu\",\"@id\":\"http:\/\/www.segurosgoiena.com\/es\/#\/schema\/person\/image\/\",\"url\":\"https:\/\/secure.gravatar.com\/avatar\/b56da7ae596d0187e898fa47378c9ac1f1f9116eeb3638d26c1d3c12990021ff?s=96&d=mm&r=g\",\"contentUrl\":\"https:\/\/secure.gravatar.com\/avatar\/b56da7ae596d0187e898fa47378c9ac1f1f9116eeb3638d26c1d3c12990021ff?s=96&d=mm&r=g\",\"caption\":\"jlazkarate\"},\"url\":\"http:\/\/www.segurosgoiena.com\/eu\/author\/jlazkarate\/\"}]}<\/script>\n<!-- \/ Yoast SEO plugin. -->","yoast_head_json":{"title":"seguros y coronavirus","description":"Estos \u00faltimos meses estamos viviendo una situaci\u00f3n muy especial que afecta a todos los \u00e1mbitos de la vida y a todos nos surgen dudas y preocupaciones acerca del futuro.","robots":{"index":"index","follow":"follow","max-snippet":"max-snippet:-1","max-image-preview":"max-image-preview:large","max-video-preview":"max-video-preview:-1"},"canonical":"http:\/\/www.segurosgoiena.com\/eu\/albisteak\/se-disparan-las-consultas-sobre-seguros\/","og_locale":"en_US","og_type":"article","og_title":"seguros y coronavirus","og_description":"Estos \u00faltimos meses estamos viviendo una situaci\u00f3n muy especial que afecta a todos los \u00e1mbitos de la vida y a todos nos surgen dudas y preocupaciones acerca del futuro.","og_url":"http:\/\/www.segurosgoiena.com\/eu\/albisteak\/se-disparan-las-consultas-sobre-seguros\/","og_site_name":"Seguros Goiena","article_published_time":"2020-05-22T14:23:50+00:00","article_modified_time":"2020-05-22T15:24:30+00:00","og_image":[{"width":958,"height":508,"url":"http:\/\/www.segurosgoiena.com\/wp-content\/uploads\/2020\/05\/940x490Eusk-03-1.png","type":"image\/png"}],"author":"jlazkarate","twitter_card":"summary_large_image","twitter_misc":{"Written by":"jlazkarate","Est. reading time":"1 minutua"},"schema":{"@context":"https:\/\/schema.org","@graph":[{"@type":"WebPage","@id":"http:\/\/www.segurosgoiena.com\/eu\/albisteak\/se-disparan-las-consultas-sobre-seguros\/","url":"http:\/\/www.segurosgoiena.com\/eu\/albisteak\/se-disparan-las-consultas-sobre-seguros\/","name":"seguros y coronavirus","isPartOf":{"@id":"http:\/\/www.segurosgoiena.com\/es\/#website"},"primaryImageOfPage":{"@id":"http:\/\/www.segurosgoiena.com\/eu\/albisteak\/se-disparan-las-consultas-sobre-seguros\/#primaryimage"},"image":{"@id":"http:\/\/www.segurosgoiena.com\/eu\/albisteak\/se-disparan-las-consultas-sobre-seguros\/#primaryimage"},"thumbnailUrl":"http:\/\/www.segurosgoiena.com\/wp-content\/uploads\/2020\/05\/940x490Eusk-03-1.png","datePublished":"2020-05-22T14:23:50+00:00","dateModified":"2020-05-22T15:24:30+00:00","author":{"@id":"http:\/\/www.segurosgoiena.com\/es\/#\/schema\/person\/43fa93a9a4337acc051c6f6bd5d2837a"},"description":"Estos \u00faltimos meses estamos viviendo una situaci\u00f3n muy especial que afecta a todos los \u00e1mbitos de la vida y a todos nos surgen dudas y preocupaciones acerca del futuro.","breadcrumb":{"@id":"http:\/\/www.segurosgoiena.com\/eu\/albisteak\/se-disparan-las-consultas-sobre-seguros\/#breadcrumb"},"inLanguage":"eu","potentialAction":[{"@type":"ReadAction","target":["http:\/\/www.segurosgoiena.com\/eu\/albisteak\/se-disparan-las-consultas-sobre-seguros\/"]}]},{"@type":"ImageObject","inLanguage":"eu","@id":"http:\/\/www.segurosgoiena.com\/eu\/albisteak\/se-disparan-las-consultas-sobre-seguros\/#primaryimage","url":"http:\/\/www.segurosgoiena.com\/wp-content\/uploads\/2020\/05\/940x490Eusk-03-1.png","contentUrl":"http:\/\/www.segurosgoiena.com\/wp-content\/uploads\/2020\/05\/940x490Eusk-03-1.png","width":958,"height":508},{"@type":"BreadcrumbList","@id":"http:\/\/www.segurosgoiena.com\/eu\/albisteak\/se-disparan-las-consultas-sobre-seguros\/#breadcrumb","itemListElement":[{"@type":"ListItem","position":1,"name":"Portada","item":"http:\/\/www.segurosgoiena.com\/es\/"},{"@type":"ListItem","position":2,"name":"Aseguruei buruzko kontsultak ugaritu egin dira"}]},{"@type":"WebSite","@id":"http:\/\/www.segurosgoiena.com\/es\/#website","url":"http:\/\/www.segurosgoiena.com\/es\/","name":"Seguros Goiena","description":"Otro sitio realizado con WordPress","potentialAction":[{"@type":"SearchAction","target":{"@type":"EntryPoint","urlTemplate":"http:\/\/www.segurosgoiena.com\/es\/?s={search_term_string}"},"query-input":"required name=search_term_string"}],"inLanguage":"eu"},{"@type":"Person","@id":"http:\/\/www.segurosgoiena.com\/es\/#\/schema\/person\/43fa93a9a4337acc051c6f6bd5d2837a","name":"jlazkarate","image":{"@type":"ImageObject","inLanguage":"eu","@id":"http:\/\/www.segurosgoiena.com\/es\/#\/schema\/person\/image\/","url":"https:\/\/secure.gravatar.com\/avatar\/b56da7ae596d0187e898fa47378c9ac1f1f9116eeb3638d26c1d3c12990021ff?s=96&d=mm&r=g","contentUrl":"https:\/\/secure.gravatar.com\/avatar\/b56da7ae596d0187e898fa47378c9ac1f1f9116eeb3638d26c1d3c12990021ff?s=96&d=mm&r=g","caption":"jlazkarate"},"url":"http:\/\/www.segurosgoiena.com\/eu\/author\/jlazkarate\/"}]}},"_links":{"self":[{"href":"http:\/\/www.segurosgoiena.com\/eu\/wp-json\/wp\/v2\/posts\/2656","targetHints":{"allow":["GET"]}}],"collection":[{"href":"http:\/\/www.segurosgoiena.com\/eu\/wp-json\/wp\/v2\/posts"}],"about":[{"href":"http:\/\/www.segurosgoiena.com\/eu\/wp-json\/wp\/v2\/types\/post"}],"author":[{"embeddable":true,"href":"http:\/\/www.segurosgoiena.com\/eu\/wp-json\/wp\/v2\/users\/2"}],"replies":[{"embeddable":true,"href":"http:\/\/www.segurosgoiena.com\/eu\/wp-json\/wp\/v2\/comments?post=2656"}],"version-history":[{"count":18,"href":"http:\/\/www.segurosgoiena.com\/eu\/wp-json\/wp\/v2\/posts\/2656\/revisions"}],"predecessor-version":[{"id":2682,"href":"http:\/\/www.segurosgoiena.com\/eu\/wp-json\/wp\/v2\/posts\/2656\/revisions\/2682"}],"wp:featuredmedia":[{"embeddable":true,"href":"http:\/\/www.segurosgoiena.com\/eu\/wp-json\/wp\/v2\/media\/2660"}],"wp:attachment":[{"href":"http:\/\/www.segurosgoiena.com\/eu\/wp-json\/wp\/v2\/media?parent=2656"}],"wp:term":[{"taxonomy":"category","embeddable":true,"href":"http:\/\/www.segurosgoiena.com\/eu\/wp-json\/wp\/v2\/categories?post=2656"},{"taxonomy":"post_tag","embeddable":true,"href":"http:\/\/www.segurosgoiena.com\/eu\/wp-json\/wp\/v2\/tags?post=2656"}],"curies":[{"name":"wp","href":"https:\/\/api.w.org\/{rel}","templated":true}]}}