{"id":2617,"date":"2020-04-24T08:59:50","date_gmt":"2020-04-24T08:59:50","guid":{"rendered":"http:\/\/www.segurosgoiena.com\/albisteak\/capitalismo-inconsciente\/"},"modified":"2020-05-12T08:02:37","modified_gmt":"2020-05-12T08:02:37","slug":"capitalismo-inconsciente","status":"publish","type":"post","link":"http:\/\/www.segurosgoiena.com\/eu\/albisteak\/capitalismo-inconsciente\/","title":{"rendered":"Capitalismo inconsciente"},"content":{"rendered":"\n<p>Estamos inmersos en escenarios cambiantes tanto globales como locales, lo cual nos invita a hacer un alto en el camino.&nbsp; Nos est\u00e1n empujando al cambio inmediato a fuerza de obligaci\u00f3n.&nbsp; El roce ya no sirve, ese abrazo, el beso o apret\u00f3n de manos o la simple palmada en la espalda. Ahora salimos a la calle y miramos sin quererlo con presunta sospecha, nos tendremos que concienciar y adaptar a la nueva realidad.<\/p>\n\n\n\n<p>Aprenderemos a valorar a la\notra persona, trabaje donde trabaje.&nbsp; Comprenderemos\nm\u00e1s algunos trabajos infravalorados.&nbsp; La\ntecnolog\u00eda pasa de un estadio de ocio y divertimento a convertirse en una\nherramienta imprescindible &nbsp;para\nconectarnos entre nosotros. Tecnolog\u00eda que te ha de exigir que aprendas\nmientras haces, porque uno mismo debe dar soluci\u00f3n a sus problemas.&nbsp; El trabajo profesional y la educaci\u00f3n no se\ndefine por una &nbsp;tecnolog\u00eda m\u00e1s avanzada,\nsino por c\u00f3mo utilizarla y c\u00f3mo poder acceder a ella.<\/p>\n\n\n\n<p>Algunos empresarios y pol\u00edticos nos hablan de un plan para &#8220;<em>salvar la econom\u00eda<\/em>&#8221; inyectando dinero al tejido productivo, de lo contrario nuestra reactivaci\u00f3n industrial gripar\u00e1 en unos meses.&nbsp;&nbsp; \u00bfLa mejor vacuna no ser\u00e1 inyectar &nbsp;recursos a la sociedad? &nbsp;De esta forma, ser\u00e1n las personas las que &nbsp;no se<em> gripen<\/em>. &nbsp;Las personas que adem\u00e1s de sufrirlo, &nbsp;mantendr\u00e1n un consumo b\u00e1sico, sustentar\u00e1n el tejido productivo y &nbsp;tambi\u00e9n aportar\u00e1n beneficios a las empresas.<\/p>\n\n\n\n<h2 class=\"wp-block-heading\">Responsabilidad individual y colectiva<\/h2>\n\n\n\n<p>Las empresas est\u00e1n formadas por personas con su responsabilidad individual y colectiva y no s\u00f3lo por cuentas de resultados. &nbsp;Los beneficios se deben de&nbsp; transformar en colaboraciones activas con la sociedad <strong>redefiniendo este capitalismo inconsciente<\/strong>. Hay empresas que te dicen lo importante que eres y al <em>&#8220;doblar la esquina<\/em>&#8221; tienes un ERTE; pero tambi\u00e9n hay empresas que con toda esta incertidumbre protegen a sus empleados y equipos por encima de todo lo dem\u00e1s.<\/p>\n\n\n\n<p>Las empresas privadas&nbsp; pueden ser&nbsp;\nun motor desarrollo de la humanidad, u<strong>n negocio basado en&nbsp; el prop\u00f3sito\nde generar un valor en la sociedad.<\/strong> &nbsp;Priorizar\nel impacto y la calidad en lo que se hace antes que el crecimiento.&nbsp; Obtener el m\u00e1ximo impacto social y lo m\u00e1s\nimportante <strong>cultivar la teor\u00eda y\npr\u00e1ctica a trav\u00e9s de eventos, programas y pensamientos.&nbsp; <\/strong><\/p>\n\n\n\n<p>&nbsp;Mirar al pasado ya no sirve, salvo para aprender a no caer en el mismo error. &nbsp;Al igual que en otras crisis, la rueda de este capitalismo inconsciente nos volver\u00e1 a engullir en ese consumismo lucrativo y rentable. &nbsp;Algunos lo &nbsp;definen como &#8220;<em>el origen del mal<\/em>&#8220;, a trav\u00e9s de teor\u00edas conspirativas que hablan de<em>  &#8220;\u00e9lites dominantes<\/em> <em>que quieren establecer un nuevo orden mundial&#8221;. <\/em>No importa tanto c\u00f3mo hemos entrado, y qui\u00e9nes son los responsables;&nbsp; <strong>sino c\u00f3mo se podr\u00eda &nbsp;salir siendo la sociedad responsable.<\/strong> &nbsp;Sobre todo,&nbsp; porque lo que hagamos a partir de ahora, va m\u00e1s all\u00e1 de una \u00fanica recompensa individual y personal. &nbsp;Tenemos un compromiso por el beneficio de lo nuestro, el beneficio social y el beneficio del <strong>planeta que algo ha dicho tambi\u00e9n sobre todo esto.<\/strong><\/p>\n\n\n\n<p>&nbsp;Volveremos al p\u00falpito de lo individual frente a lo colectivo. S\u00ed, seguramente.&nbsp; Nos har\u00e1n creer que el mundo que dejemos a nuestros&nbsp; hijos&nbsp; depender\u00e1&nbsp; de los hijos&nbsp;que dejemos a nuestro mundo.&nbsp; S\u00ed, es cierto.&nbsp; \u00a1Qu\u00e9 gran verdad !<strong>&nbsp; Nuestro gran esfuerzo seguir\u00e1 siendo el dejar la semilla para construir un Mundo Mejor.<\/strong><\/p>\n","protected":false},"excerpt":{"rendered":"<p>Estamos inmersos en escenarios cambiantes tanto globales como locales, lo cual nos invita a hacer un alto en el camino.&nbsp; Nos est\u00e1n empujando al cambio inmediato a fuerza de obligaci\u00f3n.&nbsp; El roce ya no sirve, ese abrazo, el beso o apret\u00f3n de manos o la simple palmada en la espalda. Ahora salimos a la calle [&hellip;]<\/p>\n","protected":false},"author":2,"featured_media":2614,"comment_status":"open","ping_status":"open","sticky":false,"template":"","format":"standard","meta":{"_acf_changed":false,"footnotes":""},"categories":[2,17,18],"tags":[22],"class_list":["post-2617","post","type-post","status-publish","format-standard","has-post-thumbnail","hentry","category-albisteak","category-enpresak","category-partikularrak","tag-jose-ignacio-rodriguez-calvilla-eu"],"acf":[],"yoast_head":"<!-- This site is optimized with the Yoast SEO plugin v22.5 - https:\/\/yoast.com\/wordpress\/plugins\/seo\/ -->\n<title>Capitalismo inconsciente - Seguros Goiena<\/title>\n<meta name=\"description\" content=\"La crisis del coronavirus ha dejado al descubierto las costuras del capitalismo inconsciente que rige hoy el mundo.\" \/>\n<meta name=\"robots\" content=\"index, follow, max-snippet:-1, max-image-preview:large, max-video-preview:-1\" \/>\n<link rel=\"canonical\" href=\"http:\/\/www.segurosgoiena.com\/eu\/albisteak\/capitalismo-inconsciente\/\" \/>\n<meta property=\"og:locale\" content=\"en_US\" \/>\n<meta property=\"og:type\" content=\"article\" \/>\n<meta property=\"og:title\" content=\"Capitalismo inconsciente - Seguros Goiena\" \/>\n<meta property=\"og:description\" content=\"La crisis del coronavirus ha dejado al descubierto las costuras del capitalismo inconsciente que rige hoy el mundo.\" \/>\n<meta property=\"og:url\" content=\"http:\/\/www.segurosgoiena.com\/eu\/albisteak\/capitalismo-inconsciente\/\" \/>\n<meta property=\"og:site_name\" content=\"Seguros Goiena\" \/>\n<meta property=\"article:published_time\" content=\"2020-04-24T08:59:50+00:00\" \/>\n<meta property=\"article:modified_time\" content=\"2020-05-12T08:02:37+00:00\" \/>\n<meta property=\"og:image\" content=\"http:\/\/www.segurosgoiena.com\/wp-content\/uploads\/2020\/04\/shutterstock_1040422759.jpg\" \/>\n\t<meta property=\"og:image:width\" content=\"2000\" \/>\n\t<meta property=\"og:image:height\" content=\"1333\" \/>\n\t<meta property=\"og:image:type\" content=\"image\/jpeg\" \/>\n<meta name=\"author\" content=\"jlazkarate\" \/>\n<meta name=\"twitter:card\" content=\"summary_large_image\" \/>\n<meta name=\"twitter:label1\" content=\"Written by\" \/>\n\t<meta name=\"twitter:data1\" content=\"jlazkarate\" \/>\n\t<meta name=\"twitter:label2\" content=\"Est. reading time\" \/>\n\t<meta name=\"twitter:data2\" content=\"3 minutua\" \/>\n<script type=\"application\/ld+json\" class=\"yoast-schema-graph\">{\"@context\":\"https:\/\/schema.org\",\"@graph\":[{\"@type\":\"WebPage\",\"@id\":\"http:\/\/www.segurosgoiena.com\/eu\/albisteak\/capitalismo-inconsciente\/\",\"url\":\"http:\/\/www.segurosgoiena.com\/eu\/albisteak\/capitalismo-inconsciente\/\",\"name\":\"Capitalismo inconsciente - Seguros Goiena\",\"isPartOf\":{\"@id\":\"http:\/\/www.segurosgoiena.com\/es\/#website\"},\"primaryImageOfPage\":{\"@id\":\"http:\/\/www.segurosgoiena.com\/eu\/albisteak\/capitalismo-inconsciente\/#primaryimage\"},\"image\":{\"@id\":\"http:\/\/www.segurosgoiena.com\/eu\/albisteak\/capitalismo-inconsciente\/#primaryimage\"},\"thumbnailUrl\":\"http:\/\/www.segurosgoiena.com\/wp-content\/uploads\/2020\/04\/shutterstock_1040422759.jpg\",\"datePublished\":\"2020-04-24T08:59:50+00:00\",\"dateModified\":\"2020-05-12T08:02:37+00:00\",\"author\":{\"@id\":\"http:\/\/www.segurosgoiena.com\/es\/#\/schema\/person\/43fa93a9a4337acc051c6f6bd5d2837a\"},\"description\":\"La crisis del coronavirus ha dejado al descubierto las costuras del capitalismo inconsciente que rige hoy el mundo.\",\"breadcrumb\":{\"@id\":\"http:\/\/www.segurosgoiena.com\/eu\/albisteak\/capitalismo-inconsciente\/#breadcrumb\"},\"inLanguage\":\"eu\",\"potentialAction\":[{\"@type\":\"ReadAction\",\"target\":[\"http:\/\/www.segurosgoiena.com\/eu\/albisteak\/capitalismo-inconsciente\/\"]}]},{\"@type\":\"ImageObject\",\"inLanguage\":\"eu\",\"@id\":\"http:\/\/www.segurosgoiena.com\/eu\/albisteak\/capitalismo-inconsciente\/#primaryimage\",\"url\":\"http:\/\/www.segurosgoiena.com\/wp-content\/uploads\/2020\/04\/shutterstock_1040422759.jpg\",\"contentUrl\":\"http:\/\/www.segurosgoiena.com\/wp-content\/uploads\/2020\/04\/shutterstock_1040422759.jpg\",\"width\":2000,\"height\":1333,\"caption\":\"capitalismo_inconsciente\"},{\"@type\":\"BreadcrumbList\",\"@id\":\"http:\/\/www.segurosgoiena.com\/eu\/albisteak\/capitalismo-inconsciente\/#breadcrumb\",\"itemListElement\":[{\"@type\":\"ListItem\",\"position\":1,\"name\":\"Portada\",\"item\":\"http:\/\/www.segurosgoiena.com\/es\/\"},{\"@type\":\"ListItem\",\"position\":2,\"name\":\"Capitalismo inconsciente\"}]},{\"@type\":\"WebSite\",\"@id\":\"http:\/\/www.segurosgoiena.com\/es\/#website\",\"url\":\"http:\/\/www.segurosgoiena.com\/es\/\",\"name\":\"Seguros Goiena\",\"description\":\"Otro sitio realizado con WordPress\",\"potentialAction\":[{\"@type\":\"SearchAction\",\"target\":{\"@type\":\"EntryPoint\",\"urlTemplate\":\"http:\/\/www.segurosgoiena.com\/es\/?s={search_term_string}\"},\"query-input\":\"required name=search_term_string\"}],\"inLanguage\":\"eu\"},{\"@type\":\"Person\",\"@id\":\"http:\/\/www.segurosgoiena.com\/es\/#\/schema\/person\/43fa93a9a4337acc051c6f6bd5d2837a\",\"name\":\"jlazkarate\",\"image\":{\"@type\":\"ImageObject\",\"inLanguage\":\"eu\",\"@id\":\"http:\/\/www.segurosgoiena.com\/es\/#\/schema\/person\/image\/\",\"url\":\"https:\/\/secure.gravatar.com\/avatar\/b56da7ae596d0187e898fa47378c9ac1f1f9116eeb3638d26c1d3c12990021ff?s=96&d=mm&r=g\",\"contentUrl\":\"https:\/\/secure.gravatar.com\/avatar\/b56da7ae596d0187e898fa47378c9ac1f1f9116eeb3638d26c1d3c12990021ff?s=96&d=mm&r=g\",\"caption\":\"jlazkarate\"},\"url\":\"http:\/\/www.segurosgoiena.com\/eu\/author\/jlazkarate\/\"}]}<\/script>\n<!-- \/ Yoast SEO plugin. -->","yoast_head_json":{"title":"Capitalismo inconsciente - Seguros Goiena","description":"La crisis del coronavirus ha dejado al descubierto las costuras del capitalismo inconsciente que rige hoy el mundo.","robots":{"index":"index","follow":"follow","max-snippet":"max-snippet:-1","max-image-preview":"max-image-preview:large","max-video-preview":"max-video-preview:-1"},"canonical":"http:\/\/www.segurosgoiena.com\/eu\/albisteak\/capitalismo-inconsciente\/","og_locale":"en_US","og_type":"article","og_title":"Capitalismo inconsciente - Seguros Goiena","og_description":"La crisis del coronavirus ha dejado al descubierto las costuras del capitalismo inconsciente que rige hoy el mundo.","og_url":"http:\/\/www.segurosgoiena.com\/eu\/albisteak\/capitalismo-inconsciente\/","og_site_name":"Seguros Goiena","article_published_time":"2020-04-24T08:59:50+00:00","article_modified_time":"2020-05-12T08:02:37+00:00","og_image":[{"width":2000,"height":1333,"url":"http:\/\/www.segurosgoiena.com\/wp-content\/uploads\/2020\/04\/shutterstock_1040422759.jpg","type":"image\/jpeg"}],"author":"jlazkarate","twitter_card":"summary_large_image","twitter_misc":{"Written by":"jlazkarate","Est. reading time":"3 minutua"},"schema":{"@context":"https:\/\/schema.org","@graph":[{"@type":"WebPage","@id":"http:\/\/www.segurosgoiena.com\/eu\/albisteak\/capitalismo-inconsciente\/","url":"http:\/\/www.segurosgoiena.com\/eu\/albisteak\/capitalismo-inconsciente\/","name":"Capitalismo inconsciente - Seguros Goiena","isPartOf":{"@id":"http:\/\/www.segurosgoiena.com\/es\/#website"},"primaryImageOfPage":{"@id":"http:\/\/www.segurosgoiena.com\/eu\/albisteak\/capitalismo-inconsciente\/#primaryimage"},"image":{"@id":"http:\/\/www.segurosgoiena.com\/eu\/albisteak\/capitalismo-inconsciente\/#primaryimage"},"thumbnailUrl":"http:\/\/www.segurosgoiena.com\/wp-content\/uploads\/2020\/04\/shutterstock_1040422759.jpg","datePublished":"2020-04-24T08:59:50+00:00","dateModified":"2020-05-12T08:02:37+00:00","author":{"@id":"http:\/\/www.segurosgoiena.com\/es\/#\/schema\/person\/43fa93a9a4337acc051c6f6bd5d2837a"},"description":"La crisis del coronavirus ha dejado al descubierto las costuras del capitalismo inconsciente que rige hoy el mundo.","breadcrumb":{"@id":"http:\/\/www.segurosgoiena.com\/eu\/albisteak\/capitalismo-inconsciente\/#breadcrumb"},"inLanguage":"eu","potentialAction":[{"@type":"ReadAction","target":["http:\/\/www.segurosgoiena.com\/eu\/albisteak\/capitalismo-inconsciente\/"]}]},{"@type":"ImageObject","inLanguage":"eu","@id":"http:\/\/www.segurosgoiena.com\/eu\/albisteak\/capitalismo-inconsciente\/#primaryimage","url":"http:\/\/www.segurosgoiena.com\/wp-content\/uploads\/2020\/04\/shutterstock_1040422759.jpg","contentUrl":"http:\/\/www.segurosgoiena.com\/wp-content\/uploads\/2020\/04\/shutterstock_1040422759.jpg","width":2000,"height":1333,"caption":"capitalismo_inconsciente"},{"@type":"BreadcrumbList","@id":"http:\/\/www.segurosgoiena.com\/eu\/albisteak\/capitalismo-inconsciente\/#breadcrumb","itemListElement":[{"@type":"ListItem","position":1,"name":"Portada","item":"http:\/\/www.segurosgoiena.com\/es\/"},{"@type":"ListItem","position":2,"name":"Capitalismo inconsciente"}]},{"@type":"WebSite","@id":"http:\/\/www.segurosgoiena.com\/es\/#website","url":"http:\/\/www.segurosgoiena.com\/es\/","name":"Seguros Goiena","description":"Otro sitio realizado con WordPress","potentialAction":[{"@type":"SearchAction","target":{"@type":"EntryPoint","urlTemplate":"http:\/\/www.segurosgoiena.com\/es\/?s={search_term_string}"},"query-input":"required name=search_term_string"}],"inLanguage":"eu"},{"@type":"Person","@id":"http:\/\/www.segurosgoiena.com\/es\/#\/schema\/person\/43fa93a9a4337acc051c6f6bd5d2837a","name":"jlazkarate","image":{"@type":"ImageObject","inLanguage":"eu","@id":"http:\/\/www.segurosgoiena.com\/es\/#\/schema\/person\/image\/","url":"https:\/\/secure.gravatar.com\/avatar\/b56da7ae596d0187e898fa47378c9ac1f1f9116eeb3638d26c1d3c12990021ff?s=96&d=mm&r=g","contentUrl":"https:\/\/secure.gravatar.com\/avatar\/b56da7ae596d0187e898fa47378c9ac1f1f9116eeb3638d26c1d3c12990021ff?s=96&d=mm&r=g","caption":"jlazkarate"},"url":"http:\/\/www.segurosgoiena.com\/eu\/author\/jlazkarate\/"}]}},"_links":{"self":[{"href":"http:\/\/www.segurosgoiena.com\/eu\/wp-json\/wp\/v2\/posts\/2617","targetHints":{"allow":["GET"]}}],"collection":[{"href":"http:\/\/www.segurosgoiena.com\/eu\/wp-json\/wp\/v2\/posts"}],"about":[{"href":"http:\/\/www.segurosgoiena.com\/eu\/wp-json\/wp\/v2\/types\/post"}],"author":[{"embeddable":true,"href":"http:\/\/www.segurosgoiena.com\/eu\/wp-json\/wp\/v2\/users\/2"}],"replies":[{"embeddable":true,"href":"http:\/\/www.segurosgoiena.com\/eu\/wp-json\/wp\/v2\/comments?post=2617"}],"version-history":[{"count":2,"href":"http:\/\/www.segurosgoiena.com\/eu\/wp-json\/wp\/v2\/posts\/2617\/revisions"}],"predecessor-version":[{"id":2621,"href":"http:\/\/www.segurosgoiena.com\/eu\/wp-json\/wp\/v2\/posts\/2617\/revisions\/2621"}],"wp:featuredmedia":[{"embeddable":true,"href":"http:\/\/www.segurosgoiena.com\/eu\/wp-json\/wp\/v2\/media\/2614"}],"wp:attachment":[{"href":"http:\/\/www.segurosgoiena.com\/eu\/wp-json\/wp\/v2\/media?parent=2617"}],"wp:term":[{"taxonomy":"category","embeddable":true,"href":"http:\/\/www.segurosgoiena.com\/eu\/wp-json\/wp\/v2\/categories?post=2617"},{"taxonomy":"post_tag","embeddable":true,"href":"http:\/\/www.segurosgoiena.com\/eu\/wp-json\/wp\/v2\/tags?post=2617"}],"curies":[{"name":"wp","href":"https:\/\/api.w.org\/{rel}","templated":true}]}}