{"id":2572,"date":"2020-03-16T18:55:55","date_gmt":"2020-03-16T18:55:55","guid":{"rendered":"http:\/\/www.segurosgoiena.com\/albisteak\/seguimos-atendiendo-traves-del-teletrabajo\/"},"modified":"2020-03-16T19:11:41","modified_gmt":"2020-03-16T19:11:41","slug":"seguimos-atendiendo-traves-del-teletrabajo","status":"publish","type":"post","link":"http:\/\/www.segurosgoiena.com\/eu\/albisteak\/seguimos-atendiendo-traves-del-teletrabajo\/","title":{"rendered":"Seguimos atendiendo a trav\u00e9s del teletrabajo"},"content":{"rendered":"<p><em>Koronabirusak ezarritako <\/em><em><a href=\"https:\/\/www.linkedin.com\/feed\/hashtag\/?highlightedUpdateUrns=urn%3Ali%3Aactivity%3A6645248348033036288&amp;keywords=%23ALARMAEGOERA&amp;originTrackingId=Q%2FirzJMyRu%2BYN6wb5PoiHQ%3D%3D\" data-saferedirecturl=\"https:\/\/www.google.com\/url?q=https:\/\/www.linkedin.com\/feed\/hashtag\/?highlightedUpdateUrns%3Durn%253Ali%253Aactivity%253A6645248348033036288%26keywords%3D%2523ALARMAEGOERA%26originTrackingId%3DQ%252FirzJMyRu%252BYN6wb5PoiHQ%253D%253D&amp;source=gmail&amp;ust=1584469030168000&amp;usg=AFQjCNE-_HTT0wd_ggthZcNOdmV9MAzXVw\"><strong>#<\/strong><strong>ALARMAEGOERA<\/strong><\/a>\u00a0dela eta, osasun publikoko agintarien jarraibideak jarraituz, bulegoak itxita egongo dira beste abisu bat eman arte. Hala ere, lanean jarraituko dugu eta bulegoko ordutegian, telelaneko formularen bidez. Tnoak eta emailak (web orria\/<a href=\"http:\/\/www.segurosgoiena.com\/eu\/goiena-taldea\/\">goiena taldea<\/a>)<\/em><\/p>\n<p><em>\u00a0<\/em><\/p>\n<p><em>Debido a la declaraci\u00f3n de <\/em><em><a href=\"https:\/\/www.linkedin.com\/feed\/hashtag\/?highlightedUpdateUrns=urn%3Ali%3Aactivity%3A6645248348033036288&amp;keywords=%23ESTADODEALARMA&amp;originTrackingId=Q%2FirzJMyRu%2BYN6wb5PoiHQ%3D%3D\" data-saferedirecturl=\"https:\/\/www.google.com\/url?q=https:\/\/www.linkedin.com\/feed\/hashtag\/?highlightedUpdateUrns%3Durn%253Ali%253Aactivity%253A6645248348033036288%26keywords%3D%2523ESTADODEALARMA%26originTrackingId%3DQ%252FirzJMyRu%252BYN6wb5PoiHQ%253D%253D&amp;source=gmail&amp;ust=1584469030168000&amp;usg=AFQjCNE38kUmtHWA7xiNYgovfjknGQO-bQ\"><strong>#<\/strong><strong>ESTADODEALARMA<\/strong><\/a>\u00a0por el coronavirus y siguiendo directrices de las autoridades competentes en salud p\u00fablica, las oficinas permanecer\u00e1n cerradas hasta nuevo aviso. No obstante, seguiremos operativos y a su disposici\u00f3n en horario de oficina, a trav\u00e9s de la f\u00f3rmula de teletrabajo. Tnos y emails de contacto (pagina web\/<a href=\"http:\/\/www.segurosgoiena.com\/es\/equipo-goiena\/\">equipo goiena<\/a>).<\/em><\/p>\n<p><em>Por otro lado, se est\u00e1 difundiendo el bulo de que durante el estado de alarma no se cubren los siniestros de autom\u00f3vil si no se demuestra que se est\u00e1 circulando en alguno de los supuestos permitidos. Es ABSOLUTAMENTE FALSO, el seguro sigue teniendo cobertura durante el estado de alarma, tanto a terceros como a todo riesgo, salvo las exclusiones habituales de las p\u00f3lizas \u00a0para cada caso (alcoholemia, drogas, etc).<\/em><\/p>\n","protected":false},"excerpt":{"rendered":"<p>Koronabirusak ezarritako #ALARMAEGOERA\u00a0dela eta, osasun publikoko agintarien jarraibideak jarraituz, bulegoak itxita egongo dira beste abisu bat eman arte. Hala ere, lanean jarraituko dugu eta bulegoko ordutegian, telelaneko formularen bidez. Tnoak eta emailak (web orria\/goiena taldea) \u00a0 Debido a la declaraci\u00f3n de #ESTADODEALARMA\u00a0por el coronavirus y siguiendo directrices de las autoridades competentes en salud p\u00fablica, las [&hellip;]<\/p>\n","protected":false},"author":2,"featured_media":2574,"comment_status":"open","ping_status":"open","sticky":false,"template":"","format":"standard","meta":{"_acf_changed":false,"footnotes":""},"categories":[2,17,18],"tags":[19],"class_list":["post-2572","post","type-post","status-publish","format-standard","has-post-thumbnail","hentry","category-albisteak","category-enpresak","category-partikularrak","tag-goiena-correduria-de-seguros-eu"],"acf":[],"yoast_head":"<!-- This site is optimized with the Yoast SEO plugin v22.5 - https:\/\/yoast.com\/wordpress\/plugins\/seo\/ -->\n<title>Seguimos atendiendo a trav\u00e9s del teletrabajo - Seguros Goiena<\/title>\n<meta name=\"robots\" content=\"index, follow, max-snippet:-1, max-image-preview:large, max-video-preview:-1\" \/>\n<link rel=\"canonical\" href=\"http:\/\/www.segurosgoiena.com\/eu\/albisteak\/seguimos-atendiendo-traves-del-teletrabajo\/\" \/>\n<meta property=\"og:locale\" content=\"en_US\" \/>\n<meta property=\"og:type\" content=\"article\" \/>\n<meta property=\"og:title\" content=\"Seguimos atendiendo a trav\u00e9s del teletrabajo - Seguros Goiena\" \/>\n<meta property=\"og:description\" content=\"Koronabirusak ezarritako #ALARMAEGOERA\u00a0dela eta, osasun publikoko agintarien jarraibideak jarraituz, bulegoak itxita egongo dira beste abisu bat eman arte. Hala ere, lanean jarraituko dugu eta bulegoko ordutegian, telelaneko formularen bidez. Tnoak eta emailak (web orria\/goiena taldea) \u00a0 Debido a la declaraci\u00f3n de #ESTADODEALARMA\u00a0por el coronavirus y siguiendo directrices de las autoridades competentes en salud p\u00fablica, las [&hellip;]\" \/>\n<meta property=\"og:url\" content=\"http:\/\/www.segurosgoiena.com\/eu\/albisteak\/seguimos-atendiendo-traves-del-teletrabajo\/\" \/>\n<meta property=\"og:site_name\" content=\"Seguros Goiena\" \/>\n<meta property=\"article:published_time\" content=\"2020-03-16T18:55:55+00:00\" \/>\n<meta property=\"article:modified_time\" content=\"2020-03-16T19:11:41+00:00\" \/>\n<meta property=\"og:image\" content=\"http:\/\/www.segurosgoiena.com\/wp-content\/uploads\/2020\/03\/teletra.jpg\" \/>\n\t<meta property=\"og:image:width\" content=\"1000\" \/>\n\t<meta property=\"og:image:height\" content=\"666\" \/>\n\t<meta property=\"og:image:type\" content=\"image\/jpeg\" \/>\n<meta name=\"author\" content=\"jlazkarate\" \/>\n<meta name=\"twitter:card\" content=\"summary_large_image\" \/>\n<meta name=\"twitter:label1\" content=\"Written by\" \/>\n\t<meta name=\"twitter:data1\" content=\"jlazkarate\" \/>\n\t<meta name=\"twitter:label2\" content=\"Est. reading time\" \/>\n\t<meta name=\"twitter:data2\" content=\"1 minutua\" \/>\n<script type=\"application\/ld+json\" class=\"yoast-schema-graph\">{\"@context\":\"https:\/\/schema.org\",\"@graph\":[{\"@type\":\"WebPage\",\"@id\":\"http:\/\/www.segurosgoiena.com\/eu\/albisteak\/seguimos-atendiendo-traves-del-teletrabajo\/\",\"url\":\"http:\/\/www.segurosgoiena.com\/eu\/albisteak\/seguimos-atendiendo-traves-del-teletrabajo\/\",\"name\":\"Seguimos atendiendo a trav\u00e9s del teletrabajo - Seguros Goiena\",\"isPartOf\":{\"@id\":\"http:\/\/www.segurosgoiena.com\/es\/#website\"},\"primaryImageOfPage\":{\"@id\":\"http:\/\/www.segurosgoiena.com\/eu\/albisteak\/seguimos-atendiendo-traves-del-teletrabajo\/#primaryimage\"},\"image\":{\"@id\":\"http:\/\/www.segurosgoiena.com\/eu\/albisteak\/seguimos-atendiendo-traves-del-teletrabajo\/#primaryimage\"},\"thumbnailUrl\":\"http:\/\/www.segurosgoiena.com\/wp-content\/uploads\/2020\/03\/teletra.jpg\",\"datePublished\":\"2020-03-16T18:55:55+00:00\",\"dateModified\":\"2020-03-16T19:11:41+00:00\",\"author\":{\"@id\":\"http:\/\/www.segurosgoiena.com\/es\/#\/schema\/person\/43fa93a9a4337acc051c6f6bd5d2837a\"},\"breadcrumb\":{\"@id\":\"http:\/\/www.segurosgoiena.com\/eu\/albisteak\/seguimos-atendiendo-traves-del-teletrabajo\/#breadcrumb\"},\"inLanguage\":\"eu\",\"potentialAction\":[{\"@type\":\"ReadAction\",\"target\":[\"http:\/\/www.segurosgoiena.com\/eu\/albisteak\/seguimos-atendiendo-traves-del-teletrabajo\/\"]}]},{\"@type\":\"ImageObject\",\"inLanguage\":\"eu\",\"@id\":\"http:\/\/www.segurosgoiena.com\/eu\/albisteak\/seguimos-atendiendo-traves-del-teletrabajo\/#primaryimage\",\"url\":\"http:\/\/www.segurosgoiena.com\/wp-content\/uploads\/2020\/03\/teletra.jpg\",\"contentUrl\":\"http:\/\/www.segurosgoiena.com\/wp-content\/uploads\/2020\/03\/teletra.jpg\",\"width\":1000,\"height\":666},{\"@type\":\"BreadcrumbList\",\"@id\":\"http:\/\/www.segurosgoiena.com\/eu\/albisteak\/seguimos-atendiendo-traves-del-teletrabajo\/#breadcrumb\",\"itemListElement\":[{\"@type\":\"ListItem\",\"position\":1,\"name\":\"Portada\",\"item\":\"http:\/\/www.segurosgoiena.com\/es\/\"},{\"@type\":\"ListItem\",\"position\":2,\"name\":\"Seguimos atendiendo a trav\u00e9s del teletrabajo\"}]},{\"@type\":\"WebSite\",\"@id\":\"http:\/\/www.segurosgoiena.com\/es\/#website\",\"url\":\"http:\/\/www.segurosgoiena.com\/es\/\",\"name\":\"Seguros Goiena\",\"description\":\"Otro sitio realizado con WordPress\",\"potentialAction\":[{\"@type\":\"SearchAction\",\"target\":{\"@type\":\"EntryPoint\",\"urlTemplate\":\"http:\/\/www.segurosgoiena.com\/es\/?s={search_term_string}\"},\"query-input\":\"required name=search_term_string\"}],\"inLanguage\":\"eu\"},{\"@type\":\"Person\",\"@id\":\"http:\/\/www.segurosgoiena.com\/es\/#\/schema\/person\/43fa93a9a4337acc051c6f6bd5d2837a\",\"name\":\"jlazkarate\",\"image\":{\"@type\":\"ImageObject\",\"inLanguage\":\"eu\",\"@id\":\"http:\/\/www.segurosgoiena.com\/es\/#\/schema\/person\/image\/\",\"url\":\"https:\/\/secure.gravatar.com\/avatar\/b56da7ae596d0187e898fa47378c9ac1f1f9116eeb3638d26c1d3c12990021ff?s=96&d=mm&r=g\",\"contentUrl\":\"https:\/\/secure.gravatar.com\/avatar\/b56da7ae596d0187e898fa47378c9ac1f1f9116eeb3638d26c1d3c12990021ff?s=96&d=mm&r=g\",\"caption\":\"jlazkarate\"},\"url\":\"http:\/\/www.segurosgoiena.com\/eu\/author\/jlazkarate\/\"}]}<\/script>\n<!-- \/ Yoast SEO plugin. -->","yoast_head_json":{"title":"Seguimos atendiendo a trav\u00e9s del teletrabajo - Seguros Goiena","robots":{"index":"index","follow":"follow","max-snippet":"max-snippet:-1","max-image-preview":"max-image-preview:large","max-video-preview":"max-video-preview:-1"},"canonical":"http:\/\/www.segurosgoiena.com\/eu\/albisteak\/seguimos-atendiendo-traves-del-teletrabajo\/","og_locale":"en_US","og_type":"article","og_title":"Seguimos atendiendo a trav\u00e9s del teletrabajo - Seguros Goiena","og_description":"Koronabirusak ezarritako #ALARMAEGOERA\u00a0dela eta, osasun publikoko agintarien jarraibideak jarraituz, bulegoak itxita egongo dira beste abisu bat eman arte. Hala ere, lanean jarraituko dugu eta bulegoko ordutegian, telelaneko formularen bidez. Tnoak eta emailak (web orria\/goiena taldea) \u00a0 Debido a la declaraci\u00f3n de #ESTADODEALARMA\u00a0por el coronavirus y siguiendo directrices de las autoridades competentes en salud p\u00fablica, las [&hellip;]","og_url":"http:\/\/www.segurosgoiena.com\/eu\/albisteak\/seguimos-atendiendo-traves-del-teletrabajo\/","og_site_name":"Seguros Goiena","article_published_time":"2020-03-16T18:55:55+00:00","article_modified_time":"2020-03-16T19:11:41+00:00","og_image":[{"width":1000,"height":666,"url":"http:\/\/www.segurosgoiena.com\/wp-content\/uploads\/2020\/03\/teletra.jpg","type":"image\/jpeg"}],"author":"jlazkarate","twitter_card":"summary_large_image","twitter_misc":{"Written by":"jlazkarate","Est. reading time":"1 minutua"},"schema":{"@context":"https:\/\/schema.org","@graph":[{"@type":"WebPage","@id":"http:\/\/www.segurosgoiena.com\/eu\/albisteak\/seguimos-atendiendo-traves-del-teletrabajo\/","url":"http:\/\/www.segurosgoiena.com\/eu\/albisteak\/seguimos-atendiendo-traves-del-teletrabajo\/","name":"Seguimos atendiendo a trav\u00e9s del teletrabajo - Seguros Goiena","isPartOf":{"@id":"http:\/\/www.segurosgoiena.com\/es\/#website"},"primaryImageOfPage":{"@id":"http:\/\/www.segurosgoiena.com\/eu\/albisteak\/seguimos-atendiendo-traves-del-teletrabajo\/#primaryimage"},"image":{"@id":"http:\/\/www.segurosgoiena.com\/eu\/albisteak\/seguimos-atendiendo-traves-del-teletrabajo\/#primaryimage"},"thumbnailUrl":"http:\/\/www.segurosgoiena.com\/wp-content\/uploads\/2020\/03\/teletra.jpg","datePublished":"2020-03-16T18:55:55+00:00","dateModified":"2020-03-16T19:11:41+00:00","author":{"@id":"http:\/\/www.segurosgoiena.com\/es\/#\/schema\/person\/43fa93a9a4337acc051c6f6bd5d2837a"},"breadcrumb":{"@id":"http:\/\/www.segurosgoiena.com\/eu\/albisteak\/seguimos-atendiendo-traves-del-teletrabajo\/#breadcrumb"},"inLanguage":"eu","potentialAction":[{"@type":"ReadAction","target":["http:\/\/www.segurosgoiena.com\/eu\/albisteak\/seguimos-atendiendo-traves-del-teletrabajo\/"]}]},{"@type":"ImageObject","inLanguage":"eu","@id":"http:\/\/www.segurosgoiena.com\/eu\/albisteak\/seguimos-atendiendo-traves-del-teletrabajo\/#primaryimage","url":"http:\/\/www.segurosgoiena.com\/wp-content\/uploads\/2020\/03\/teletra.jpg","contentUrl":"http:\/\/www.segurosgoiena.com\/wp-content\/uploads\/2020\/03\/teletra.jpg","width":1000,"height":666},{"@type":"BreadcrumbList","@id":"http:\/\/www.segurosgoiena.com\/eu\/albisteak\/seguimos-atendiendo-traves-del-teletrabajo\/#breadcrumb","itemListElement":[{"@type":"ListItem","position":1,"name":"Portada","item":"http:\/\/www.segurosgoiena.com\/es\/"},{"@type":"ListItem","position":2,"name":"Seguimos atendiendo a trav\u00e9s del teletrabajo"}]},{"@type":"WebSite","@id":"http:\/\/www.segurosgoiena.com\/es\/#website","url":"http:\/\/www.segurosgoiena.com\/es\/","name":"Seguros Goiena","description":"Otro sitio realizado con WordPress","potentialAction":[{"@type":"SearchAction","target":{"@type":"EntryPoint","urlTemplate":"http:\/\/www.segurosgoiena.com\/es\/?s={search_term_string}"},"query-input":"required name=search_term_string"}],"inLanguage":"eu"},{"@type":"Person","@id":"http:\/\/www.segurosgoiena.com\/es\/#\/schema\/person\/43fa93a9a4337acc051c6f6bd5d2837a","name":"jlazkarate","image":{"@type":"ImageObject","inLanguage":"eu","@id":"http:\/\/www.segurosgoiena.com\/es\/#\/schema\/person\/image\/","url":"https:\/\/secure.gravatar.com\/avatar\/b56da7ae596d0187e898fa47378c9ac1f1f9116eeb3638d26c1d3c12990021ff?s=96&d=mm&r=g","contentUrl":"https:\/\/secure.gravatar.com\/avatar\/b56da7ae596d0187e898fa47378c9ac1f1f9116eeb3638d26c1d3c12990021ff?s=96&d=mm&r=g","caption":"jlazkarate"},"url":"http:\/\/www.segurosgoiena.com\/eu\/author\/jlazkarate\/"}]}},"_links":{"self":[{"href":"http:\/\/www.segurosgoiena.com\/eu\/wp-json\/wp\/v2\/posts\/2572","targetHints":{"allow":["GET"]}}],"collection":[{"href":"http:\/\/www.segurosgoiena.com\/eu\/wp-json\/wp\/v2\/posts"}],"about":[{"href":"http:\/\/www.segurosgoiena.com\/eu\/wp-json\/wp\/v2\/types\/post"}],"author":[{"embeddable":true,"href":"http:\/\/www.segurosgoiena.com\/eu\/wp-json\/wp\/v2\/users\/2"}],"replies":[{"embeddable":true,"href":"http:\/\/www.segurosgoiena.com\/eu\/wp-json\/wp\/v2\/comments?post=2572"}],"version-history":[{"count":2,"href":"http:\/\/www.segurosgoiena.com\/eu\/wp-json\/wp\/v2\/posts\/2572\/revisions"}],"predecessor-version":[{"id":2578,"href":"http:\/\/www.segurosgoiena.com\/eu\/wp-json\/wp\/v2\/posts\/2572\/revisions\/2578"}],"wp:featuredmedia":[{"embeddable":true,"href":"http:\/\/www.segurosgoiena.com\/eu\/wp-json\/wp\/v2\/media\/2574"}],"wp:attachment":[{"href":"http:\/\/www.segurosgoiena.com\/eu\/wp-json\/wp\/v2\/media?parent=2572"}],"wp:term":[{"taxonomy":"category","embeddable":true,"href":"http:\/\/www.segurosgoiena.com\/eu\/wp-json\/wp\/v2\/categories?post=2572"},{"taxonomy":"post_tag","embeddable":true,"href":"http:\/\/www.segurosgoiena.com\/eu\/wp-json\/wp\/v2\/tags?post=2572"}],"curies":[{"name":"wp","href":"https:\/\/api.w.org\/{rel}","templated":true}]}}