{"id":2493,"date":"2019-01-31T14:42:10","date_gmt":"2019-01-31T14:42:10","guid":{"rendered":"http:\/\/www.segurosgoiena.com\/albisteak\/axa-reconoce-a-goiena\/"},"modified":"2019-02-27T11:26:58","modified_gmt":"2019-02-27T11:26:58","slug":"axa-reconoce-a-goiena","status":"publish","type":"post","link":"http:\/\/www.segurosgoiena.com\/eu\/albisteak\/axa-reconoce-a-goiena\/","title":{"rendered":"Axa reconoce a Goiena por su labor en el Ramo de Vida Riesgo"},"content":{"rendered":"<p>&nbsp;<\/p>\n<p class=\"p1\"><span class=\"s1\">En la Convenci\u00f3n Territorial Norte celebrada el d\u00eda 18 de Enero, Axa Compa\u00f1\u00eda de Seguros hizo un reconocimiento expreso a diferentes Corredores y Corredur\u00edas de la Zona Norte.\u00a0\u00a0<b>Entre ellas, Goiena Corredur\u00eda de Seguros tuvo el honor de ser valorada por el trabajo realizado en el Ramo de Vida Riesgo<\/b>.\u00a0<\/span><\/p>\n<p class=\"p1\"><span class=\"s1\">Las soluciones que necesitan los clientes en los ramos de Vida, Ahorro-Inversi\u00f3n, Salud y Seguros de Cr\u00e9dito requieren un alto grado de especializaci\u00f3n y conocimiento de los productos.\u00a0 La elecci\u00f3n de la mejor soluci\u00f3n para planificar el futuro o el acierto en la cobertura de un riesgo espec\u00edfico, depende de las circunstancias y necesidades de cada cliente.\u00a0 Muchas veces, el miedo o la euforia, la falta de informaci\u00f3n o un mal asesoramiento, nos empujan a tomar decisiones equivocadas.\u00a0 Para evitar estos desajustes es necesario\u00a0<b>confiar en profesionales del sector<\/b>,\u00a0<b>especializados en diferentes ramos, que nos ayuden a planificar Servicios de Asesoramiento en Seguros a Particulares, Profesionales y Empresas.<\/b><\/span><\/p>\n<h3>Especializaci\u00f3n<\/h3>\n<p class=\"p1\"><span class=\"s1\">Desde Goiena, seguimos trabajando sobre nuestra l\u00ednea de\u00a0<a href=\"http:\/\/www.segurosgoiena.com\/eu\/partikularrak\/goiena-abantailak\/negozio-arlo-espezializatua-bizia-aurrezkia-eta-inbertsioa\/\"><span class=\"s2\">Especializaci\u00f3n<\/span><\/a>\u00a0en los ramos de Vida, <a href=\"http:\/\/www.segurosgoiena.com\/eu\/partikularrak\/goiena-aseguruak\/bizia-aurrezkiainbertsioa\/aurrezki-soluzioak\/\">Ahorro-Inversi\u00f3n<\/a>, Salud y Seguros de Cr\u00e9dito. Creemos que puede ser un elemento diferenciador a medio-largo plazo y adem\u00e1s aportar\u00e1 valor a los clientes.<\/span><\/p>\n<p class=\"p1\"><span class=\"s1\">Desde el Equipo de Goiena trasladamos nuestro agradecimiento a Axa por el reconocimiento otorgado, el cual nos anima a seguir trabajando y confiando en Compa\u00f1\u00edas de Seguros que crean en la figura del Corredor.\u00a0\u00a0<b>Sin olvidar que todav\u00eda hay tareas pendientes de mejorar a Todos los Corredores y Corredur\u00edas de Seguros que sumamos y constituimos este canal<\/b><\/span><\/p>\n","protected":false},"excerpt":{"rendered":"<p>&nbsp; En la Convenci\u00f3n Territorial Norte celebrada el d\u00eda 18 de Enero, Axa Compa\u00f1\u00eda de Seguros hizo un reconocimiento expreso a diferentes Corredores y Corredur\u00edas de la Zona Norte.\u00a0\u00a0Entre ellas, Goiena Corredur\u00eda de Seguros tuvo el honor de ser valorada por el trabajo realizado en el Ramo de Vida Riesgo.\u00a0 Las soluciones que necesitan los [&hellip;]<\/p>\n","protected":false},"author":2,"featured_media":2467,"comment_status":"open","ping_status":"open","sticky":false,"template":"","format":"standard","meta":{"_acf_changed":false,"footnotes":""},"categories":[2,17,18],"tags":[19],"class_list":["post-2493","post","type-post","status-publish","format-standard","has-post-thumbnail","hentry","category-albisteak","category-enpresak","category-partikularrak","tag-goiena-correduria-de-seguros-eu"],"acf":[],"yoast_head":"<!-- This site is optimized with the Yoast SEO plugin v22.5 - https:\/\/yoast.com\/wordpress\/plugins\/seo\/ -->\n<title>Ramo de Vida Riesgo<\/title>\n<meta name=\"description\" content=\"Axa Compa\u00f1\u00eda de Seguros ha reconocido a Seguros Goiena por la labora realizada en el Ramo de Vida Riesgo.\" \/>\n<meta name=\"robots\" content=\"index, follow, max-snippet:-1, max-image-preview:large, max-video-preview:-1\" \/>\n<link rel=\"canonical\" href=\"http:\/\/www.segurosgoiena.com\/eu\/albisteak\/axa-reconoce-a-goiena\/\" \/>\n<meta property=\"og:locale\" content=\"en_US\" \/>\n<meta property=\"og:type\" content=\"article\" \/>\n<meta property=\"og:title\" content=\"Ramo de Vida Riesgo\" \/>\n<meta property=\"og:description\" content=\"Axa Compa\u00f1\u00eda de Seguros ha reconocido a Seguros Goiena por la labora realizada en el Ramo de Vida Riesgo.\" \/>\n<meta property=\"og:url\" content=\"http:\/\/www.segurosgoiena.com\/eu\/albisteak\/axa-reconoce-a-goiena\/\" \/>\n<meta property=\"og:site_name\" content=\"Seguros Goiena\" \/>\n<meta property=\"article:published_time\" content=\"2019-01-31T14:42:10+00:00\" \/>\n<meta property=\"article:modified_time\" content=\"2019-02-27T11:26:58+00:00\" \/>\n<meta property=\"og:image\" content=\"http:\/\/www.segurosgoiena.com\/wp-content\/uploads\/2019\/01\/axa.jpeg\" \/>\n\t<meta property=\"og:image:width\" content=\"1600\" \/>\n\t<meta property=\"og:image:height\" content=\"1200\" \/>\n\t<meta property=\"og:image:type\" content=\"image\/jpeg\" \/>\n<meta name=\"author\" content=\"jlazkarate\" \/>\n<meta name=\"twitter:card\" content=\"summary_large_image\" \/>\n<meta name=\"twitter:label1\" content=\"Written by\" \/>\n\t<meta name=\"twitter:data1\" content=\"jlazkarate\" \/>\n\t<meta name=\"twitter:label2\" content=\"Est. reading time\" \/>\n\t<meta name=\"twitter:data2\" content=\"1 minutua\" \/>\n<script type=\"application\/ld+json\" class=\"yoast-schema-graph\">{\"@context\":\"https:\/\/schema.org\",\"@graph\":[{\"@type\":\"WebPage\",\"@id\":\"http:\/\/www.segurosgoiena.com\/eu\/albisteak\/axa-reconoce-a-goiena\/\",\"url\":\"http:\/\/www.segurosgoiena.com\/eu\/albisteak\/axa-reconoce-a-goiena\/\",\"name\":\"Ramo de Vida Riesgo\",\"isPartOf\":{\"@id\":\"http:\/\/www.segurosgoiena.com\/es\/#website\"},\"primaryImageOfPage\":{\"@id\":\"http:\/\/www.segurosgoiena.com\/eu\/albisteak\/axa-reconoce-a-goiena\/#primaryimage\"},\"image\":{\"@id\":\"http:\/\/www.segurosgoiena.com\/eu\/albisteak\/axa-reconoce-a-goiena\/#primaryimage\"},\"thumbnailUrl\":\"http:\/\/www.segurosgoiena.com\/wp-content\/uploads\/2019\/01\/axa.jpeg\",\"datePublished\":\"2019-01-31T14:42:10+00:00\",\"dateModified\":\"2019-02-27T11:26:58+00:00\",\"author\":{\"@id\":\"http:\/\/www.segurosgoiena.com\/es\/#\/schema\/person\/43fa93a9a4337acc051c6f6bd5d2837a\"},\"description\":\"Axa Compa\u00f1\u00eda de Seguros ha reconocido a Seguros Goiena por la labora realizada en el Ramo de Vida Riesgo.\",\"breadcrumb\":{\"@id\":\"http:\/\/www.segurosgoiena.com\/eu\/albisteak\/axa-reconoce-a-goiena\/#breadcrumb\"},\"inLanguage\":\"eu\",\"potentialAction\":[{\"@type\":\"ReadAction\",\"target\":[\"http:\/\/www.segurosgoiena.com\/eu\/albisteak\/axa-reconoce-a-goiena\/\"]}]},{\"@type\":\"ImageObject\",\"inLanguage\":\"eu\",\"@id\":\"http:\/\/www.segurosgoiena.com\/eu\/albisteak\/axa-reconoce-a-goiena\/#primaryimage\",\"url\":\"http:\/\/www.segurosgoiena.com\/wp-content\/uploads\/2019\/01\/axa.jpeg\",\"contentUrl\":\"http:\/\/www.segurosgoiena.com\/wp-content\/uploads\/2019\/01\/axa.jpeg\",\"width\":1600,\"height\":1200},{\"@type\":\"BreadcrumbList\",\"@id\":\"http:\/\/www.segurosgoiena.com\/eu\/albisteak\/axa-reconoce-a-goiena\/#breadcrumb\",\"itemListElement\":[{\"@type\":\"ListItem\",\"position\":1,\"name\":\"Portada\",\"item\":\"http:\/\/www.segurosgoiena.com\/es\/\"},{\"@type\":\"ListItem\",\"position\":2,\"name\":\"Axa reconoce a Goiena por su labor en el Ramo de Vida Riesgo\"}]},{\"@type\":\"WebSite\",\"@id\":\"http:\/\/www.segurosgoiena.com\/es\/#website\",\"url\":\"http:\/\/www.segurosgoiena.com\/es\/\",\"name\":\"Seguros Goiena\",\"description\":\"Otro sitio realizado con WordPress\",\"potentialAction\":[{\"@type\":\"SearchAction\",\"target\":{\"@type\":\"EntryPoint\",\"urlTemplate\":\"http:\/\/www.segurosgoiena.com\/es\/?s={search_term_string}\"},\"query-input\":\"required name=search_term_string\"}],\"inLanguage\":\"eu\"},{\"@type\":\"Person\",\"@id\":\"http:\/\/www.segurosgoiena.com\/es\/#\/schema\/person\/43fa93a9a4337acc051c6f6bd5d2837a\",\"name\":\"jlazkarate\",\"image\":{\"@type\":\"ImageObject\",\"inLanguage\":\"eu\",\"@id\":\"http:\/\/www.segurosgoiena.com\/es\/#\/schema\/person\/image\/\",\"url\":\"https:\/\/secure.gravatar.com\/avatar\/b56da7ae596d0187e898fa47378c9ac1f1f9116eeb3638d26c1d3c12990021ff?s=96&d=mm&r=g\",\"contentUrl\":\"https:\/\/secure.gravatar.com\/avatar\/b56da7ae596d0187e898fa47378c9ac1f1f9116eeb3638d26c1d3c12990021ff?s=96&d=mm&r=g\",\"caption\":\"jlazkarate\"},\"url\":\"http:\/\/www.segurosgoiena.com\/eu\/author\/jlazkarate\/\"}]}<\/script>\n<!-- \/ Yoast SEO plugin. -->","yoast_head_json":{"title":"Ramo de Vida Riesgo","description":"Axa Compa\u00f1\u00eda de Seguros ha reconocido a Seguros Goiena por la labora realizada en el Ramo de Vida Riesgo.","robots":{"index":"index","follow":"follow","max-snippet":"max-snippet:-1","max-image-preview":"max-image-preview:large","max-video-preview":"max-video-preview:-1"},"canonical":"http:\/\/www.segurosgoiena.com\/eu\/albisteak\/axa-reconoce-a-goiena\/","og_locale":"en_US","og_type":"article","og_title":"Ramo de Vida Riesgo","og_description":"Axa Compa\u00f1\u00eda de Seguros ha reconocido a Seguros Goiena por la labora realizada en el Ramo de Vida Riesgo.","og_url":"http:\/\/www.segurosgoiena.com\/eu\/albisteak\/axa-reconoce-a-goiena\/","og_site_name":"Seguros Goiena","article_published_time":"2019-01-31T14:42:10+00:00","article_modified_time":"2019-02-27T11:26:58+00:00","og_image":[{"width":1600,"height":1200,"url":"http:\/\/www.segurosgoiena.com\/wp-content\/uploads\/2019\/01\/axa.jpeg","type":"image\/jpeg"}],"author":"jlazkarate","twitter_card":"summary_large_image","twitter_misc":{"Written by":"jlazkarate","Est. reading time":"1 minutua"},"schema":{"@context":"https:\/\/schema.org","@graph":[{"@type":"WebPage","@id":"http:\/\/www.segurosgoiena.com\/eu\/albisteak\/axa-reconoce-a-goiena\/","url":"http:\/\/www.segurosgoiena.com\/eu\/albisteak\/axa-reconoce-a-goiena\/","name":"Ramo de Vida Riesgo","isPartOf":{"@id":"http:\/\/www.segurosgoiena.com\/es\/#website"},"primaryImageOfPage":{"@id":"http:\/\/www.segurosgoiena.com\/eu\/albisteak\/axa-reconoce-a-goiena\/#primaryimage"},"image":{"@id":"http:\/\/www.segurosgoiena.com\/eu\/albisteak\/axa-reconoce-a-goiena\/#primaryimage"},"thumbnailUrl":"http:\/\/www.segurosgoiena.com\/wp-content\/uploads\/2019\/01\/axa.jpeg","datePublished":"2019-01-31T14:42:10+00:00","dateModified":"2019-02-27T11:26:58+00:00","author":{"@id":"http:\/\/www.segurosgoiena.com\/es\/#\/schema\/person\/43fa93a9a4337acc051c6f6bd5d2837a"},"description":"Axa Compa\u00f1\u00eda de Seguros ha reconocido a Seguros Goiena por la labora realizada en el Ramo de Vida Riesgo.","breadcrumb":{"@id":"http:\/\/www.segurosgoiena.com\/eu\/albisteak\/axa-reconoce-a-goiena\/#breadcrumb"},"inLanguage":"eu","potentialAction":[{"@type":"ReadAction","target":["http:\/\/www.segurosgoiena.com\/eu\/albisteak\/axa-reconoce-a-goiena\/"]}]},{"@type":"ImageObject","inLanguage":"eu","@id":"http:\/\/www.segurosgoiena.com\/eu\/albisteak\/axa-reconoce-a-goiena\/#primaryimage","url":"http:\/\/www.segurosgoiena.com\/wp-content\/uploads\/2019\/01\/axa.jpeg","contentUrl":"http:\/\/www.segurosgoiena.com\/wp-content\/uploads\/2019\/01\/axa.jpeg","width":1600,"height":1200},{"@type":"BreadcrumbList","@id":"http:\/\/www.segurosgoiena.com\/eu\/albisteak\/axa-reconoce-a-goiena\/#breadcrumb","itemListElement":[{"@type":"ListItem","position":1,"name":"Portada","item":"http:\/\/www.segurosgoiena.com\/es\/"},{"@type":"ListItem","position":2,"name":"Axa reconoce a Goiena por su labor en el Ramo de Vida Riesgo"}]},{"@type":"WebSite","@id":"http:\/\/www.segurosgoiena.com\/es\/#website","url":"http:\/\/www.segurosgoiena.com\/es\/","name":"Seguros Goiena","description":"Otro sitio realizado con WordPress","potentialAction":[{"@type":"SearchAction","target":{"@type":"EntryPoint","urlTemplate":"http:\/\/www.segurosgoiena.com\/es\/?s={search_term_string}"},"query-input":"required name=search_term_string"}],"inLanguage":"eu"},{"@type":"Person","@id":"http:\/\/www.segurosgoiena.com\/es\/#\/schema\/person\/43fa93a9a4337acc051c6f6bd5d2837a","name":"jlazkarate","image":{"@type":"ImageObject","inLanguage":"eu","@id":"http:\/\/www.segurosgoiena.com\/es\/#\/schema\/person\/image\/","url":"https:\/\/secure.gravatar.com\/avatar\/b56da7ae596d0187e898fa47378c9ac1f1f9116eeb3638d26c1d3c12990021ff?s=96&d=mm&r=g","contentUrl":"https:\/\/secure.gravatar.com\/avatar\/b56da7ae596d0187e898fa47378c9ac1f1f9116eeb3638d26c1d3c12990021ff?s=96&d=mm&r=g","caption":"jlazkarate"},"url":"http:\/\/www.segurosgoiena.com\/eu\/author\/jlazkarate\/"}]}},"_links":{"self":[{"href":"http:\/\/www.segurosgoiena.com\/eu\/wp-json\/wp\/v2\/posts\/2493","targetHints":{"allow":["GET"]}}],"collection":[{"href":"http:\/\/www.segurosgoiena.com\/eu\/wp-json\/wp\/v2\/posts"}],"about":[{"href":"http:\/\/www.segurosgoiena.com\/eu\/wp-json\/wp\/v2\/types\/post"}],"author":[{"embeddable":true,"href":"http:\/\/www.segurosgoiena.com\/eu\/wp-json\/wp\/v2\/users\/2"}],"replies":[{"embeddable":true,"href":"http:\/\/www.segurosgoiena.com\/eu\/wp-json\/wp\/v2\/comments?post=2493"}],"version-history":[{"count":1,"href":"http:\/\/www.segurosgoiena.com\/eu\/wp-json\/wp\/v2\/posts\/2493\/revisions"}],"predecessor-version":[{"id":2494,"href":"http:\/\/www.segurosgoiena.com\/eu\/wp-json\/wp\/v2\/posts\/2493\/revisions\/2494"}],"wp:featuredmedia":[{"embeddable":true,"href":"http:\/\/www.segurosgoiena.com\/eu\/wp-json\/wp\/v2\/media\/2467"}],"wp:attachment":[{"href":"http:\/\/www.segurosgoiena.com\/eu\/wp-json\/wp\/v2\/media?parent=2493"}],"wp:term":[{"taxonomy":"category","embeddable":true,"href":"http:\/\/www.segurosgoiena.com\/eu\/wp-json\/wp\/v2\/categories?post=2493"},{"taxonomy":"post_tag","embeddable":true,"href":"http:\/\/www.segurosgoiena.com\/eu\/wp-json\/wp\/v2\/tags?post=2493"}],"curies":[{"name":"wp","href":"https:\/\/api.w.org\/{rel}","templated":true}]}}