{"id":2491,"date":"2018-12-03T17:00:27","date_gmt":"2018-12-03T17:00:27","guid":{"rendered":"http:\/\/www.segurosgoiena.com\/albisteak\/responsabilidad-social-corporativa-etica-cosmetica\/"},"modified":"2019-02-27T11:26:35","modified_gmt":"2019-02-27T11:26:35","slug":"responsabilidad-social-corporativa-etica-cosmetica","status":"publish","type":"post","link":"http:\/\/www.segurosgoiena.com\/eu\/albisteak\/responsabilidad-social-corporativa-etica-cosmetica\/","title":{"rendered":"Responsabilidad Social Corporativa.  \u00c9tica o Cosm\u00e9tica."},"content":{"rendered":"<p style=\"font-weight: 400;\">Aprovechando que el d\u00eda 20 de noviembre Naciones Unidas celebr\u00f3 el D\u00eda Universal del Ni\u00f1o, y atendiendo a la sensibilidad que surge sobre estos temas, en fechas que se avecinan\u00a0<strong>me he animado a hacer mi primera reflexi\u00f3n en la red<\/strong>\u00a0sobre la Responsabilidad Social Corporativa.<\/p>\n<p style=\"font-weight: 400;\">En\u00a01999 el pacto Econ\u00f3mico Mundial de Davos ya propuso que las empresas\u00a0apoyen y practiquen un conjunto de valores fundamentales en materia de Derechos humanos: Normas Laborales, Medio Ambiente y Lucha contra la Corrupci\u00f3n.\u00a0 De ese pacto ha ido creciendo el n\u00famero de empresas que disponen de un c\u00f3digo \u00e9tico, tratando de aplicar en un determinado contexto, los principios generales de moralidad, como el respeto, la responsabilidad o\u00a0la equidad;\u00a0todo ello traducido a unas buenas pr\u00e1cticas que hace que la empresa sea mejor en todos sus aspectos.<\/p>\n<p style=\"font-weight: 400;\"><strong>El c\u00f3digo \u00e9tico<\/strong>\u00a0es un conjunto de normas que invocan a la <a href=\"https:\/\/www.linkedin.com\/pulse\/responsabilidad-social-empresarial-%C3%A9tica-o-cosm%C3%A9tica-jose-ignacio\/\">responsabilidad que tienen las empresas<\/a> frente a la sociedad, clientes, empleados, etc.,\u00a0un concepto con arreglo al cual,\u00a0<strong>las empresas deciden voluntariamente contribuir al logro de una sociedad mejor y un medio ambiente m\u00e1s limpio.\u00a0<\/strong><\/p>\n<p style=\"font-weight: 400;\"><strong>Hasta ah\u00ed te\u00f3ricamente, todo es perfecto; el debate, por tanto, se centra en cu\u00e1l debe de ser el verdadero grado\u00a0de implicaci\u00f3n de la empresa<\/strong>\u00a0con sus propios accionistas, sus trabajadores, sus clientes, sus proveedores y con la Comunidad\u00a0en donde act\u00faa; es decir, el &#8220;famoso&#8221; c\u00f3digo \u00e9tico no es ley, pero tampoco deber\u00eda ser una declaraci\u00f3n ret\u00f3rica de buenas intenciones.\u00a0\u00a0Una empresa debe obtener beneficios, sin duda, -es su raz\u00f3n de ser- pero no la \u00fanica, tambi\u00e9n ha de saber proteger a sus grupos de inter\u00e9s, as\u00ed como el medio ambiente.\u00a0 La conducta \u00e9tica no debe depender del resultado econ\u00f3mico, ni ser una declaraci\u00f3n de prop\u00f3sitos, sino una traducci\u00f3n en la pr\u00e1ctica;\u00a0<strong>por lo que sugerir que hacer el bien, deba estar\u00a0justificado por su recompensa econ\u00f3mica, es amoral y sobra decir, que perjudica enormemente el prestigio de una organizaci\u00f3n.<\/strong><\/p>\n<p style=\"font-weight: 400;\">La<a href=\"http:\/\/www.segurosgoiena.com\/es\/particulares\/ventajas-goiena\/compromiso-social\/\"> reputaci\u00f3n de la empresa<\/a> es uno de bienes corporativos m\u00e1s importantes, pero el activo m\u00e1s valioso, sin duda, no es el dinero, ni las acciones, ni los edificios, sino la confianza.\u00a0 \u00a0<strong>Si la relaci\u00f3n entre el rendimiento financiero y beneficio social en una empresa est\u00e1 descompensado o la coherencia entre lo que se dice y lo que se hace no es real, el riesgo de p\u00e9rdida de confianza de la sociedad, tarde o temprano terminar\u00e1 llegando.\u00a0<\/strong><\/p>\n<h3>Dar o darse<\/h3>\n<p style=\"font-weight: 400;\"><strong>El cumplimiento -no cumplo y miento-<\/strong>\u00a0de conceptos como el desarrollo sostenible, las mejoras continuas de seguridad y salud en\u00a0 el trabajo, la conciliaci\u00f3n de la vida laboral\u00a0o la protecci\u00f3n del medio ambiente, s\u00f3lo es cre\u00edble cuando se llevan pol\u00edticas de compromiso reales y llegan a implementarse, no digamos ya rendir cuentas como ocurre en pa\u00edses como Dinamarca.<\/p>\n<p style=\"font-weight: 400;\"><strong>La hipocres\u00eda actual de subirse al carro de una moda pasajera que es rentable &#8211;<\/strong>s\u00f3lo tenemos que observar algunos pol\u00edticos-\u00a0<strong>no es m\u00e1s que pura cosm\u00e9tica<\/strong>, no puede ser una oportunidad para destacar como empresa innovadora y al mismo tiempo contribuir a que \u00c1frica sea un estercolero de reciclaje.\u00a0\u00a0<strong>Tampoco es lo mismo, &#8220;dar que darse&#8221;, es decir; destinar un porcentaje a causas sociales por compromiso o comprometerse realmente con estas causas.\u00a0\u00a0<\/strong><\/p>\n<p style=\"font-weight: 400;\">En definitiva, recuerdo\u00a0 un buen profesor de Sociolog\u00eda: C\u00e9sar Manzanos Bilbao que en ocasiones hablaba en sus clases sobre\u00a0la evoluci\u00f3n de la Sociedad,\u00a0explicando como se\u00a0ha pasado\u00a0<strong>de la Sociedad del SER, a la sociedad del TENER hasta llegar\u00a0simplemente a PARECER<\/strong>. \u00a0\u00bfNos encontramos actualmente en la Sociedad del\u00a0<strong>APARECER<\/strong>? \u00a0<strong>\u00bfHabr\u00e1 una transformaci\u00f3n social de valores para alcanzar una Sociedad m\u00e1s aut\u00e9ntica?\u00a0<\/strong><\/p>\n<p style=\"font-weight: 400;\">Bueno, ya veremos&#8230;dijo un ciego y nunca vio.<\/p>\n<p style=\"font-weight: 400;\"><em>\u00a0<\/em><em>Beti belarriprest eta batzutan ahobizi be bai.\u00a0<\/em><\/p>\n","protected":false},"excerpt":{"rendered":"<p>Aprovechando que el d\u00eda 20 de noviembre Naciones Unidas celebr\u00f3 el D\u00eda Universal del Ni\u00f1o, y atendiendo a la sensibilidad que surge sobre estos temas, en fechas que se avecinan\u00a0me he animado a hacer mi primera reflexi\u00f3n en la red\u00a0sobre la Responsabilidad Social Corporativa. En\u00a01999 el pacto Econ\u00f3mico Mundial de Davos ya propuso que las [&hellip;]<\/p>\n","protected":false},"author":2,"featured_media":2407,"comment_status":"open","ping_status":"open","sticky":false,"template":"","format":"standard","meta":{"_acf_changed":false,"footnotes":""},"categories":[2,17,18],"tags":[22],"class_list":["post-2491","post","type-post","status-publish","format-standard","has-post-thumbnail","hentry","category-albisteak","category-enpresak","category-partikularrak","tag-jose-ignacio-rodriguez-calvilla-eu"],"acf":[],"yoast_head":"<!-- This site is optimized with the Yoast SEO plugin v22.5 - https:\/\/yoast.com\/wordpress\/plugins\/seo\/ -->\n<title>Responsabilidad Social Corporativa. \u00c9tica o Cosm\u00e9tica. - Seguros Goiena<\/title>\n<meta name=\"description\" content=\"Una reflexi\u00f3n sobre la Responsabilidad Social Corporativa a tener en cuenta por las empresas y la sociedad en general.\" \/>\n<meta name=\"robots\" content=\"index, follow, max-snippet:-1, max-image-preview:large, max-video-preview:-1\" \/>\n<link rel=\"canonical\" href=\"http:\/\/www.segurosgoiena.com\/eu\/albisteak\/responsabilidad-social-corporativa-etica-cosmetica\/\" \/>\n<meta property=\"og:locale\" content=\"en_US\" \/>\n<meta property=\"og:type\" content=\"article\" \/>\n<meta property=\"og:title\" content=\"Responsabilidad Social Corporativa. \u00c9tica o Cosm\u00e9tica. - Seguros Goiena\" \/>\n<meta property=\"og:description\" content=\"Una reflexi\u00f3n sobre la Responsabilidad Social Corporativa a tener en cuenta por las empresas y la sociedad en general.\" \/>\n<meta property=\"og:url\" content=\"http:\/\/www.segurosgoiena.com\/eu\/albisteak\/responsabilidad-social-corporativa-etica-cosmetica\/\" \/>\n<meta property=\"og:site_name\" content=\"Seguros Goiena\" \/>\n<meta property=\"article:published_time\" content=\"2018-12-03T17:00:27+00:00\" \/>\n<meta property=\"article:modified_time\" content=\"2019-02-27T11:26:35+00:00\" \/>\n<meta property=\"og:image\" content=\"http:\/\/www.segurosgoiena.com\/wp-content\/uploads\/2018\/12\/shutterstock_272089025.jpg\" \/>\n\t<meta property=\"og:image:width\" content=\"1000\" \/>\n\t<meta property=\"og:image:height\" content=\"833\" \/>\n\t<meta property=\"og:image:type\" content=\"image\/jpeg\" \/>\n<meta name=\"author\" content=\"jlazkarate\" \/>\n<meta name=\"twitter:card\" content=\"summary_large_image\" \/>\n<meta name=\"twitter:label1\" content=\"Written by\" \/>\n\t<meta name=\"twitter:data1\" content=\"jlazkarate\" \/>\n\t<meta name=\"twitter:label2\" content=\"Est. reading time\" \/>\n\t<meta name=\"twitter:data2\" content=\"3 minutua\" \/>\n<script type=\"application\/ld+json\" class=\"yoast-schema-graph\">{\"@context\":\"https:\/\/schema.org\",\"@graph\":[{\"@type\":\"WebPage\",\"@id\":\"http:\/\/www.segurosgoiena.com\/eu\/albisteak\/responsabilidad-social-corporativa-etica-cosmetica\/\",\"url\":\"http:\/\/www.segurosgoiena.com\/eu\/albisteak\/responsabilidad-social-corporativa-etica-cosmetica\/\",\"name\":\"Responsabilidad Social Corporativa. \u00c9tica o Cosm\u00e9tica. - Seguros Goiena\",\"isPartOf\":{\"@id\":\"http:\/\/www.segurosgoiena.com\/es\/#website\"},\"primaryImageOfPage\":{\"@id\":\"http:\/\/www.segurosgoiena.com\/eu\/albisteak\/responsabilidad-social-corporativa-etica-cosmetica\/#primaryimage\"},\"image\":{\"@id\":\"http:\/\/www.segurosgoiena.com\/eu\/albisteak\/responsabilidad-social-corporativa-etica-cosmetica\/#primaryimage\"},\"thumbnailUrl\":\"http:\/\/www.segurosgoiena.com\/wp-content\/uploads\/2018\/12\/shutterstock_272089025.jpg\",\"datePublished\":\"2018-12-03T17:00:27+00:00\",\"dateModified\":\"2019-02-27T11:26:35+00:00\",\"author\":{\"@id\":\"http:\/\/www.segurosgoiena.com\/es\/#\/schema\/person\/43fa93a9a4337acc051c6f6bd5d2837a\"},\"description\":\"Una reflexi\u00f3n sobre la Responsabilidad Social Corporativa a tener en cuenta por las empresas y la sociedad en general.\",\"breadcrumb\":{\"@id\":\"http:\/\/www.segurosgoiena.com\/eu\/albisteak\/responsabilidad-social-corporativa-etica-cosmetica\/#breadcrumb\"},\"inLanguage\":\"eu\",\"potentialAction\":[{\"@type\":\"ReadAction\",\"target\":[\"http:\/\/www.segurosgoiena.com\/eu\/albisteak\/responsabilidad-social-corporativa-etica-cosmetica\/\"]}]},{\"@type\":\"ImageObject\",\"inLanguage\":\"eu\",\"@id\":\"http:\/\/www.segurosgoiena.com\/eu\/albisteak\/responsabilidad-social-corporativa-etica-cosmetica\/#primaryimage\",\"url\":\"http:\/\/www.segurosgoiena.com\/wp-content\/uploads\/2018\/12\/shutterstock_272089025.jpg\",\"contentUrl\":\"http:\/\/www.segurosgoiena.com\/wp-content\/uploads\/2018\/12\/shutterstock_272089025.jpg\",\"width\":1000,\"height\":833},{\"@type\":\"BreadcrumbList\",\"@id\":\"http:\/\/www.segurosgoiena.com\/eu\/albisteak\/responsabilidad-social-corporativa-etica-cosmetica\/#breadcrumb\",\"itemListElement\":[{\"@type\":\"ListItem\",\"position\":1,\"name\":\"Portada\",\"item\":\"http:\/\/www.segurosgoiena.com\/es\/\"},{\"@type\":\"ListItem\",\"position\":2,\"name\":\"Responsabilidad Social Corporativa. \u00c9tica o Cosm\u00e9tica.\"}]},{\"@type\":\"WebSite\",\"@id\":\"http:\/\/www.segurosgoiena.com\/es\/#website\",\"url\":\"http:\/\/www.segurosgoiena.com\/es\/\",\"name\":\"Seguros Goiena\",\"description\":\"Otro sitio realizado con WordPress\",\"potentialAction\":[{\"@type\":\"SearchAction\",\"target\":{\"@type\":\"EntryPoint\",\"urlTemplate\":\"http:\/\/www.segurosgoiena.com\/es\/?s={search_term_string}\"},\"query-input\":\"required name=search_term_string\"}],\"inLanguage\":\"eu\"},{\"@type\":\"Person\",\"@id\":\"http:\/\/www.segurosgoiena.com\/es\/#\/schema\/person\/43fa93a9a4337acc051c6f6bd5d2837a\",\"name\":\"jlazkarate\",\"image\":{\"@type\":\"ImageObject\",\"inLanguage\":\"eu\",\"@id\":\"http:\/\/www.segurosgoiena.com\/es\/#\/schema\/person\/image\/\",\"url\":\"https:\/\/secure.gravatar.com\/avatar\/b56da7ae596d0187e898fa47378c9ac1f1f9116eeb3638d26c1d3c12990021ff?s=96&d=mm&r=g\",\"contentUrl\":\"https:\/\/secure.gravatar.com\/avatar\/b56da7ae596d0187e898fa47378c9ac1f1f9116eeb3638d26c1d3c12990021ff?s=96&d=mm&r=g\",\"caption\":\"jlazkarate\"},\"url\":\"http:\/\/www.segurosgoiena.com\/eu\/author\/jlazkarate\/\"}]}<\/script>\n<!-- \/ Yoast SEO plugin. -->","yoast_head_json":{"title":"Responsabilidad Social Corporativa. \u00c9tica o Cosm\u00e9tica. - Seguros Goiena","description":"Una reflexi\u00f3n sobre la Responsabilidad Social Corporativa a tener en cuenta por las empresas y la sociedad en general.","robots":{"index":"index","follow":"follow","max-snippet":"max-snippet:-1","max-image-preview":"max-image-preview:large","max-video-preview":"max-video-preview:-1"},"canonical":"http:\/\/www.segurosgoiena.com\/eu\/albisteak\/responsabilidad-social-corporativa-etica-cosmetica\/","og_locale":"en_US","og_type":"article","og_title":"Responsabilidad Social Corporativa. \u00c9tica o Cosm\u00e9tica. - Seguros Goiena","og_description":"Una reflexi\u00f3n sobre la Responsabilidad Social Corporativa a tener en cuenta por las empresas y la sociedad en general.","og_url":"http:\/\/www.segurosgoiena.com\/eu\/albisteak\/responsabilidad-social-corporativa-etica-cosmetica\/","og_site_name":"Seguros Goiena","article_published_time":"2018-12-03T17:00:27+00:00","article_modified_time":"2019-02-27T11:26:35+00:00","og_image":[{"width":1000,"height":833,"url":"http:\/\/www.segurosgoiena.com\/wp-content\/uploads\/2018\/12\/shutterstock_272089025.jpg","type":"image\/jpeg"}],"author":"jlazkarate","twitter_card":"summary_large_image","twitter_misc":{"Written by":"jlazkarate","Est. reading time":"3 minutua"},"schema":{"@context":"https:\/\/schema.org","@graph":[{"@type":"WebPage","@id":"http:\/\/www.segurosgoiena.com\/eu\/albisteak\/responsabilidad-social-corporativa-etica-cosmetica\/","url":"http:\/\/www.segurosgoiena.com\/eu\/albisteak\/responsabilidad-social-corporativa-etica-cosmetica\/","name":"Responsabilidad Social Corporativa. \u00c9tica o Cosm\u00e9tica. - Seguros Goiena","isPartOf":{"@id":"http:\/\/www.segurosgoiena.com\/es\/#website"},"primaryImageOfPage":{"@id":"http:\/\/www.segurosgoiena.com\/eu\/albisteak\/responsabilidad-social-corporativa-etica-cosmetica\/#primaryimage"},"image":{"@id":"http:\/\/www.segurosgoiena.com\/eu\/albisteak\/responsabilidad-social-corporativa-etica-cosmetica\/#primaryimage"},"thumbnailUrl":"http:\/\/www.segurosgoiena.com\/wp-content\/uploads\/2018\/12\/shutterstock_272089025.jpg","datePublished":"2018-12-03T17:00:27+00:00","dateModified":"2019-02-27T11:26:35+00:00","author":{"@id":"http:\/\/www.segurosgoiena.com\/es\/#\/schema\/person\/43fa93a9a4337acc051c6f6bd5d2837a"},"description":"Una reflexi\u00f3n sobre la Responsabilidad Social Corporativa a tener en cuenta por las empresas y la sociedad en general.","breadcrumb":{"@id":"http:\/\/www.segurosgoiena.com\/eu\/albisteak\/responsabilidad-social-corporativa-etica-cosmetica\/#breadcrumb"},"inLanguage":"eu","potentialAction":[{"@type":"ReadAction","target":["http:\/\/www.segurosgoiena.com\/eu\/albisteak\/responsabilidad-social-corporativa-etica-cosmetica\/"]}]},{"@type":"ImageObject","inLanguage":"eu","@id":"http:\/\/www.segurosgoiena.com\/eu\/albisteak\/responsabilidad-social-corporativa-etica-cosmetica\/#primaryimage","url":"http:\/\/www.segurosgoiena.com\/wp-content\/uploads\/2018\/12\/shutterstock_272089025.jpg","contentUrl":"http:\/\/www.segurosgoiena.com\/wp-content\/uploads\/2018\/12\/shutterstock_272089025.jpg","width":1000,"height":833},{"@type":"BreadcrumbList","@id":"http:\/\/www.segurosgoiena.com\/eu\/albisteak\/responsabilidad-social-corporativa-etica-cosmetica\/#breadcrumb","itemListElement":[{"@type":"ListItem","position":1,"name":"Portada","item":"http:\/\/www.segurosgoiena.com\/es\/"},{"@type":"ListItem","position":2,"name":"Responsabilidad Social Corporativa. \u00c9tica o Cosm\u00e9tica."}]},{"@type":"WebSite","@id":"http:\/\/www.segurosgoiena.com\/es\/#website","url":"http:\/\/www.segurosgoiena.com\/es\/","name":"Seguros Goiena","description":"Otro sitio realizado con WordPress","potentialAction":[{"@type":"SearchAction","target":{"@type":"EntryPoint","urlTemplate":"http:\/\/www.segurosgoiena.com\/es\/?s={search_term_string}"},"query-input":"required name=search_term_string"}],"inLanguage":"eu"},{"@type":"Person","@id":"http:\/\/www.segurosgoiena.com\/es\/#\/schema\/person\/43fa93a9a4337acc051c6f6bd5d2837a","name":"jlazkarate","image":{"@type":"ImageObject","inLanguage":"eu","@id":"http:\/\/www.segurosgoiena.com\/es\/#\/schema\/person\/image\/","url":"https:\/\/secure.gravatar.com\/avatar\/b56da7ae596d0187e898fa47378c9ac1f1f9116eeb3638d26c1d3c12990021ff?s=96&d=mm&r=g","contentUrl":"https:\/\/secure.gravatar.com\/avatar\/b56da7ae596d0187e898fa47378c9ac1f1f9116eeb3638d26c1d3c12990021ff?s=96&d=mm&r=g","caption":"jlazkarate"},"url":"http:\/\/www.segurosgoiena.com\/eu\/author\/jlazkarate\/"}]}},"_links":{"self":[{"href":"http:\/\/www.segurosgoiena.com\/eu\/wp-json\/wp\/v2\/posts\/2491","targetHints":{"allow":["GET"]}}],"collection":[{"href":"http:\/\/www.segurosgoiena.com\/eu\/wp-json\/wp\/v2\/posts"}],"about":[{"href":"http:\/\/www.segurosgoiena.com\/eu\/wp-json\/wp\/v2\/types\/post"}],"author":[{"embeddable":true,"href":"http:\/\/www.segurosgoiena.com\/eu\/wp-json\/wp\/v2\/users\/2"}],"replies":[{"embeddable":true,"href":"http:\/\/www.segurosgoiena.com\/eu\/wp-json\/wp\/v2\/comments?post=2491"}],"version-history":[{"count":1,"href":"http:\/\/www.segurosgoiena.com\/eu\/wp-json\/wp\/v2\/posts\/2491\/revisions"}],"predecessor-version":[{"id":2492,"href":"http:\/\/www.segurosgoiena.com\/eu\/wp-json\/wp\/v2\/posts\/2491\/revisions\/2492"}],"wp:featuredmedia":[{"embeddable":true,"href":"http:\/\/www.segurosgoiena.com\/eu\/wp-json\/wp\/v2\/media\/2407"}],"wp:attachment":[{"href":"http:\/\/www.segurosgoiena.com\/eu\/wp-json\/wp\/v2\/media?parent=2491"}],"wp:term":[{"taxonomy":"category","embeddable":true,"href":"http:\/\/www.segurosgoiena.com\/eu\/wp-json\/wp\/v2\/categories?post=2491"},{"taxonomy":"post_tag","embeddable":true,"href":"http:\/\/www.segurosgoiena.com\/eu\/wp-json\/wp\/v2\/tags?post=2491"}],"curies":[{"name":"wp","href":"https:\/\/api.w.org\/{rel}","templated":true}]}}