{"id":2489,"date":"2018-07-18T07:27:58","date_gmt":"2018-07-18T07:27:58","guid":{"rendered":"http:\/\/www.segurosgoiena.com\/albisteak\/la-actividad-comercial-las-webs-las-aseguradoras-crece-primer-semestre\/"},"modified":"2019-02-27T11:26:11","modified_gmt":"2019-02-27T11:26:11","slug":"la-actividad-comercial-las-webs-las-aseguradoras-crece-primer-semestre","status":"publish","type":"post","link":"http:\/\/www.segurosgoiena.com\/eu\/albisteak\/la-actividad-comercial-las-webs-las-aseguradoras-crece-primer-semestre\/","title":{"rendered":"La actividad comercial en las webs de las aseguradoras crece en el primer semestre"},"content":{"rendered":"<p>&nbsp;<\/p>\n<p class=\"p1\">Durante los seis primeros meses de 2018 crecieron las\u00a0<b>acciones digitales<\/b>\u00a0de las compa\u00f1\u00edas en sus propias\u00a0<b>webs<\/b>, comparativamente con el mismo periodo de 2017, en detrimento de la actividad de las mismas en sus\u00a0<b>redes sociales<\/b>, seg\u00fan los datos de\u00a0<a href=\"https:\/\/www.icea.es\/es-ES\"><b>ICEA <\/b><\/a>(Servicio de Estad\u00edsticas y Estudios del sector de Seguros en Espa\u00f1a).<\/p>\n<p class=\"p1\">Estas acciones en las p\u00e1ginas webs de las entidades pasaron del 54&#8217;6% el pasado a\u00f1o al 70&#8217;2% en el presente. Este crecimiento de la actividad en las webs de las compa\u00f1\u00edas se intensific\u00f3 durante este a\u00f1o en acciones de captaci\u00f3n a trav\u00e9s de\u00a0<b>promociones<\/b>. Los ramos donde se focalizaron estos esfuerzos fueron\u00a0<b>Autos y Salud<\/b>, con una mayor presi\u00f3n comercial que en el mismo periodo del a\u00f1o anterior.<\/p>\n","protected":false},"excerpt":{"rendered":"<p>&nbsp; Durante los seis primeros meses de 2018 crecieron las\u00a0acciones digitales\u00a0de las compa\u00f1\u00edas en sus propias\u00a0webs, comparativamente con el mismo periodo de 2017, en detrimento de la actividad de las mismas en sus\u00a0redes sociales, seg\u00fan los datos de\u00a0ICEA (Servicio de Estad\u00edsticas y Estudios del sector de Seguros en Espa\u00f1a). Estas acciones en las p\u00e1ginas webs [&hellip;]<\/p>\n","protected":false},"author":2,"featured_media":2355,"comment_status":"open","ping_status":"open","sticky":false,"template":"","format":"standard","meta":{"_acf_changed":false,"footnotes":""},"categories":[2,17,18],"tags":[19],"class_list":["post-2489","post","type-post","status-publish","format-standard","has-post-thumbnail","hentry","category-albisteak","category-enpresak","category-partikularrak","tag-goiena-correduria-de-seguros-eu"],"acf":[],"yoast_head":"<!-- This site is optimized with the Yoast SEO plugin v22.5 - https:\/\/yoast.com\/wordpress\/plugins\/seo\/ -->\n<title>La actividad comercial en las webs de las aseguradoras crece en el primer semestre - Seguros Goiena<\/title>\n<meta name=\"robots\" content=\"index, follow, max-snippet:-1, max-image-preview:large, max-video-preview:-1\" \/>\n<link rel=\"canonical\" href=\"http:\/\/www.segurosgoiena.com\/eu\/albisteak\/la-actividad-comercial-las-webs-las-aseguradoras-crece-primer-semestre\/\" \/>\n<meta property=\"og:locale\" content=\"en_US\" \/>\n<meta property=\"og:type\" content=\"article\" \/>\n<meta property=\"og:title\" content=\"La actividad comercial en las webs de las aseguradoras crece en el primer semestre - Seguros Goiena\" \/>\n<meta property=\"og:description\" content=\"&nbsp; Durante los seis primeros meses de 2018 crecieron las\u00a0acciones digitales\u00a0de las compa\u00f1\u00edas en sus propias\u00a0webs, comparativamente con el mismo periodo de 2017, en detrimento de la actividad de las mismas en sus\u00a0redes sociales, seg\u00fan los datos de\u00a0ICEA (Servicio de Estad\u00edsticas y Estudios del sector de Seguros en Espa\u00f1a). Estas acciones en las p\u00e1ginas webs [&hellip;]\" \/>\n<meta property=\"og:url\" content=\"http:\/\/www.segurosgoiena.com\/eu\/albisteak\/la-actividad-comercial-las-webs-las-aseguradoras-crece-primer-semestre\/\" \/>\n<meta property=\"og:site_name\" content=\"Seguros Goiena\" \/>\n<meta property=\"article:published_time\" content=\"2018-07-18T07:27:58+00:00\" \/>\n<meta property=\"article:modified_time\" content=\"2019-02-27T11:26:11+00:00\" \/>\n<meta property=\"og:image\" content=\"http:\/\/www.segurosgoiena.com\/wp-content\/uploads\/2018\/07\/image001-3.jpg\" \/>\n\t<meta property=\"og:image:width\" content=\"567\" \/>\n\t<meta property=\"og:image:height\" content=\"327\" \/>\n\t<meta property=\"og:image:type\" content=\"image\/jpeg\" \/>\n<meta name=\"author\" content=\"jlazkarate\" \/>\n<meta name=\"twitter:card\" content=\"summary_large_image\" \/>\n<meta name=\"twitter:label1\" content=\"Written by\" \/>\n\t<meta name=\"twitter:data1\" content=\"jlazkarate\" \/>\n\t<meta name=\"twitter:label2\" content=\"Est. reading time\" \/>\n\t<meta name=\"twitter:data2\" content=\"1 minutua\" \/>\n<script type=\"application\/ld+json\" class=\"yoast-schema-graph\">{\"@context\":\"https:\/\/schema.org\",\"@graph\":[{\"@type\":\"WebPage\",\"@id\":\"http:\/\/www.segurosgoiena.com\/eu\/albisteak\/la-actividad-comercial-las-webs-las-aseguradoras-crece-primer-semestre\/\",\"url\":\"http:\/\/www.segurosgoiena.com\/eu\/albisteak\/la-actividad-comercial-las-webs-las-aseguradoras-crece-primer-semestre\/\",\"name\":\"La actividad comercial en las webs de las aseguradoras crece en el primer semestre - Seguros Goiena\",\"isPartOf\":{\"@id\":\"http:\/\/www.segurosgoiena.com\/es\/#website\"},\"primaryImageOfPage\":{\"@id\":\"http:\/\/www.segurosgoiena.com\/eu\/albisteak\/la-actividad-comercial-las-webs-las-aseguradoras-crece-primer-semestre\/#primaryimage\"},\"image\":{\"@id\":\"http:\/\/www.segurosgoiena.com\/eu\/albisteak\/la-actividad-comercial-las-webs-las-aseguradoras-crece-primer-semestre\/#primaryimage\"},\"thumbnailUrl\":\"http:\/\/www.segurosgoiena.com\/wp-content\/uploads\/2018\/07\/image001-3.jpg\",\"datePublished\":\"2018-07-18T07:27:58+00:00\",\"dateModified\":\"2019-02-27T11:26:11+00:00\",\"author\":{\"@id\":\"http:\/\/www.segurosgoiena.com\/es\/#\/schema\/person\/43fa93a9a4337acc051c6f6bd5d2837a\"},\"breadcrumb\":{\"@id\":\"http:\/\/www.segurosgoiena.com\/eu\/albisteak\/la-actividad-comercial-las-webs-las-aseguradoras-crece-primer-semestre\/#breadcrumb\"},\"inLanguage\":\"eu\",\"potentialAction\":[{\"@type\":\"ReadAction\",\"target\":[\"http:\/\/www.segurosgoiena.com\/eu\/albisteak\/la-actividad-comercial-las-webs-las-aseguradoras-crece-primer-semestre\/\"]}]},{\"@type\":\"ImageObject\",\"inLanguage\":\"eu\",\"@id\":\"http:\/\/www.segurosgoiena.com\/eu\/albisteak\/la-actividad-comercial-las-webs-las-aseguradoras-crece-primer-semestre\/#primaryimage\",\"url\":\"http:\/\/www.segurosgoiena.com\/wp-content\/uploads\/2018\/07\/image001-3.jpg\",\"contentUrl\":\"http:\/\/www.segurosgoiena.com\/wp-content\/uploads\/2018\/07\/image001-3.jpg\",\"width\":567,\"height\":327},{\"@type\":\"BreadcrumbList\",\"@id\":\"http:\/\/www.segurosgoiena.com\/eu\/albisteak\/la-actividad-comercial-las-webs-las-aseguradoras-crece-primer-semestre\/#breadcrumb\",\"itemListElement\":[{\"@type\":\"ListItem\",\"position\":1,\"name\":\"Portada\",\"item\":\"http:\/\/www.segurosgoiena.com\/es\/\"},{\"@type\":\"ListItem\",\"position\":2,\"name\":\"La actividad comercial en las webs de las aseguradoras crece en el primer semestre\"}]},{\"@type\":\"WebSite\",\"@id\":\"http:\/\/www.segurosgoiena.com\/es\/#website\",\"url\":\"http:\/\/www.segurosgoiena.com\/es\/\",\"name\":\"Seguros Goiena\",\"description\":\"Otro sitio realizado con WordPress\",\"potentialAction\":[{\"@type\":\"SearchAction\",\"target\":{\"@type\":\"EntryPoint\",\"urlTemplate\":\"http:\/\/www.segurosgoiena.com\/es\/?s={search_term_string}\"},\"query-input\":\"required name=search_term_string\"}],\"inLanguage\":\"eu\"},{\"@type\":\"Person\",\"@id\":\"http:\/\/www.segurosgoiena.com\/es\/#\/schema\/person\/43fa93a9a4337acc051c6f6bd5d2837a\",\"name\":\"jlazkarate\",\"image\":{\"@type\":\"ImageObject\",\"inLanguage\":\"eu\",\"@id\":\"http:\/\/www.segurosgoiena.com\/es\/#\/schema\/person\/image\/\",\"url\":\"https:\/\/secure.gravatar.com\/avatar\/b56da7ae596d0187e898fa47378c9ac1f1f9116eeb3638d26c1d3c12990021ff?s=96&d=mm&r=g\",\"contentUrl\":\"https:\/\/secure.gravatar.com\/avatar\/b56da7ae596d0187e898fa47378c9ac1f1f9116eeb3638d26c1d3c12990021ff?s=96&d=mm&r=g\",\"caption\":\"jlazkarate\"},\"url\":\"http:\/\/www.segurosgoiena.com\/eu\/author\/jlazkarate\/\"}]}<\/script>\n<!-- \/ Yoast SEO plugin. -->","yoast_head_json":{"title":"La actividad comercial en las webs de las aseguradoras crece en el primer semestre - Seguros Goiena","robots":{"index":"index","follow":"follow","max-snippet":"max-snippet:-1","max-image-preview":"max-image-preview:large","max-video-preview":"max-video-preview:-1"},"canonical":"http:\/\/www.segurosgoiena.com\/eu\/albisteak\/la-actividad-comercial-las-webs-las-aseguradoras-crece-primer-semestre\/","og_locale":"en_US","og_type":"article","og_title":"La actividad comercial en las webs de las aseguradoras crece en el primer semestre - Seguros Goiena","og_description":"&nbsp; Durante los seis primeros meses de 2018 crecieron las\u00a0acciones digitales\u00a0de las compa\u00f1\u00edas en sus propias\u00a0webs, comparativamente con el mismo periodo de 2017, en detrimento de la actividad de las mismas en sus\u00a0redes sociales, seg\u00fan los datos de\u00a0ICEA (Servicio de Estad\u00edsticas y Estudios del sector de Seguros en Espa\u00f1a). Estas acciones en las p\u00e1ginas webs [&hellip;]","og_url":"http:\/\/www.segurosgoiena.com\/eu\/albisteak\/la-actividad-comercial-las-webs-las-aseguradoras-crece-primer-semestre\/","og_site_name":"Seguros Goiena","article_published_time":"2018-07-18T07:27:58+00:00","article_modified_time":"2019-02-27T11:26:11+00:00","og_image":[{"width":567,"height":327,"url":"http:\/\/www.segurosgoiena.com\/wp-content\/uploads\/2018\/07\/image001-3.jpg","type":"image\/jpeg"}],"author":"jlazkarate","twitter_card":"summary_large_image","twitter_misc":{"Written by":"jlazkarate","Est. reading time":"1 minutua"},"schema":{"@context":"https:\/\/schema.org","@graph":[{"@type":"WebPage","@id":"http:\/\/www.segurosgoiena.com\/eu\/albisteak\/la-actividad-comercial-las-webs-las-aseguradoras-crece-primer-semestre\/","url":"http:\/\/www.segurosgoiena.com\/eu\/albisteak\/la-actividad-comercial-las-webs-las-aseguradoras-crece-primer-semestre\/","name":"La actividad comercial en las webs de las aseguradoras crece en el primer semestre - Seguros Goiena","isPartOf":{"@id":"http:\/\/www.segurosgoiena.com\/es\/#website"},"primaryImageOfPage":{"@id":"http:\/\/www.segurosgoiena.com\/eu\/albisteak\/la-actividad-comercial-las-webs-las-aseguradoras-crece-primer-semestre\/#primaryimage"},"image":{"@id":"http:\/\/www.segurosgoiena.com\/eu\/albisteak\/la-actividad-comercial-las-webs-las-aseguradoras-crece-primer-semestre\/#primaryimage"},"thumbnailUrl":"http:\/\/www.segurosgoiena.com\/wp-content\/uploads\/2018\/07\/image001-3.jpg","datePublished":"2018-07-18T07:27:58+00:00","dateModified":"2019-02-27T11:26:11+00:00","author":{"@id":"http:\/\/www.segurosgoiena.com\/es\/#\/schema\/person\/43fa93a9a4337acc051c6f6bd5d2837a"},"breadcrumb":{"@id":"http:\/\/www.segurosgoiena.com\/eu\/albisteak\/la-actividad-comercial-las-webs-las-aseguradoras-crece-primer-semestre\/#breadcrumb"},"inLanguage":"eu","potentialAction":[{"@type":"ReadAction","target":["http:\/\/www.segurosgoiena.com\/eu\/albisteak\/la-actividad-comercial-las-webs-las-aseguradoras-crece-primer-semestre\/"]}]},{"@type":"ImageObject","inLanguage":"eu","@id":"http:\/\/www.segurosgoiena.com\/eu\/albisteak\/la-actividad-comercial-las-webs-las-aseguradoras-crece-primer-semestre\/#primaryimage","url":"http:\/\/www.segurosgoiena.com\/wp-content\/uploads\/2018\/07\/image001-3.jpg","contentUrl":"http:\/\/www.segurosgoiena.com\/wp-content\/uploads\/2018\/07\/image001-3.jpg","width":567,"height":327},{"@type":"BreadcrumbList","@id":"http:\/\/www.segurosgoiena.com\/eu\/albisteak\/la-actividad-comercial-las-webs-las-aseguradoras-crece-primer-semestre\/#breadcrumb","itemListElement":[{"@type":"ListItem","position":1,"name":"Portada","item":"http:\/\/www.segurosgoiena.com\/es\/"},{"@type":"ListItem","position":2,"name":"La actividad comercial en las webs de las aseguradoras crece en el primer semestre"}]},{"@type":"WebSite","@id":"http:\/\/www.segurosgoiena.com\/es\/#website","url":"http:\/\/www.segurosgoiena.com\/es\/","name":"Seguros Goiena","description":"Otro sitio realizado con WordPress","potentialAction":[{"@type":"SearchAction","target":{"@type":"EntryPoint","urlTemplate":"http:\/\/www.segurosgoiena.com\/es\/?s={search_term_string}"},"query-input":"required name=search_term_string"}],"inLanguage":"eu"},{"@type":"Person","@id":"http:\/\/www.segurosgoiena.com\/es\/#\/schema\/person\/43fa93a9a4337acc051c6f6bd5d2837a","name":"jlazkarate","image":{"@type":"ImageObject","inLanguage":"eu","@id":"http:\/\/www.segurosgoiena.com\/es\/#\/schema\/person\/image\/","url":"https:\/\/secure.gravatar.com\/avatar\/b56da7ae596d0187e898fa47378c9ac1f1f9116eeb3638d26c1d3c12990021ff?s=96&d=mm&r=g","contentUrl":"https:\/\/secure.gravatar.com\/avatar\/b56da7ae596d0187e898fa47378c9ac1f1f9116eeb3638d26c1d3c12990021ff?s=96&d=mm&r=g","caption":"jlazkarate"},"url":"http:\/\/www.segurosgoiena.com\/eu\/author\/jlazkarate\/"}]}},"_links":{"self":[{"href":"http:\/\/www.segurosgoiena.com\/eu\/wp-json\/wp\/v2\/posts\/2489","targetHints":{"allow":["GET"]}}],"collection":[{"href":"http:\/\/www.segurosgoiena.com\/eu\/wp-json\/wp\/v2\/posts"}],"about":[{"href":"http:\/\/www.segurosgoiena.com\/eu\/wp-json\/wp\/v2\/types\/post"}],"author":[{"embeddable":true,"href":"http:\/\/www.segurosgoiena.com\/eu\/wp-json\/wp\/v2\/users\/2"}],"replies":[{"embeddable":true,"href":"http:\/\/www.segurosgoiena.com\/eu\/wp-json\/wp\/v2\/comments?post=2489"}],"version-history":[{"count":1,"href":"http:\/\/www.segurosgoiena.com\/eu\/wp-json\/wp\/v2\/posts\/2489\/revisions"}],"predecessor-version":[{"id":2490,"href":"http:\/\/www.segurosgoiena.com\/eu\/wp-json\/wp\/v2\/posts\/2489\/revisions\/2490"}],"wp:featuredmedia":[{"embeddable":true,"href":"http:\/\/www.segurosgoiena.com\/eu\/wp-json\/wp\/v2\/media\/2355"}],"wp:attachment":[{"href":"http:\/\/www.segurosgoiena.com\/eu\/wp-json\/wp\/v2\/media?parent=2489"}],"wp:term":[{"taxonomy":"category","embeddable":true,"href":"http:\/\/www.segurosgoiena.com\/eu\/wp-json\/wp\/v2\/categories?post=2489"},{"taxonomy":"post_tag","embeddable":true,"href":"http:\/\/www.segurosgoiena.com\/eu\/wp-json\/wp\/v2\/tags?post=2489"}],"curies":[{"name":"wp","href":"https:\/\/api.w.org\/{rel}","templated":true}]}}