{"id":2750,"date":"2021-07-30T06:38:39","date_gmt":"2021-07-30T06:38:39","guid":{"rendered":"http:\/\/www.segurosgoiena.com\/?p=2750"},"modified":"2021-07-30T08:00:21","modified_gmt":"2021-07-30T08:00:21","slug":"horario-de-verano","status":"publish","type":"post","link":"http:\/\/www.segurosgoiena.com\/es\/noticias\/horario-de-verano\/","title":{"rendered":"Horario de verano"},"content":{"rendered":"\n<p>La oficina de Arrasate permanecer\u00e1 abierta en agosto \u2013excepto la segunda semana, del 9 al 13\u2013 con horario de 9:00 a 13:00. Tel\u00e9fono: 943 795981.<\/p>\n\n\n\n<p>Las oficinas de Bergara y Vitoria-Gasteiz permanecer\u00e1n cerradas por vacaciones del 2 al 30 de agosto. <\/p>\n\n\n\n<p>Listado de <a href=\"http:\/\/www.segurosgoiena.com\/es\/particulares\/asistencia\/telefonos-de-asistencia\/\">tel\u00e9fonos de asistencia<\/a>. Deseamos una felices vacaciones a todos nuestros clientes y amigos.<\/p>\n\n\n\n<p> <\/p>\n","protected":false},"excerpt":{"rendered":"<p>La oficina de Arrasate permanecer\u00e1 abierta en agosto \u2013excepto la segunda semana, del 9 al 13\u2013 con horario de 9:00 a 13:00. Tel\u00e9fono: 943 795981. Las oficinas de Bergara y Vitoria-Gasteiz permanecer\u00e1n cerradas por vacaciones del 2 al 30 de agosto. Listado de tel\u00e9fonos de asistencia. Deseamos una felices vacaciones a todos nuestros clientes y [&hellip;]<\/p>\n","protected":false},"author":2,"featured_media":2771,"comment_status":"open","ping_status":"open","sticky":false,"template":"","format":"standard","meta":{"_acf_changed":false,"footnotes":""},"categories":[9,1,10],"tags":[11],"class_list":["post-2750","post","type-post","status-publish","format-standard","has-post-thumbnail","hentry","category-empresas","category-noticias","category-particulares","tag-goiena-correduria-de-seguros"],"acf":[],"yoast_head":"<!-- This site is optimized with the Yoast SEO plugin v22.5 - https:\/\/yoast.com\/wordpress\/plugins\/seo\/ -->\n<title>Horario de verano - Seguros Goiena<\/title>\n<meta name=\"robots\" content=\"index, follow, max-snippet:-1, max-image-preview:large, max-video-preview:-1\" \/>\n<link rel=\"canonical\" href=\"http:\/\/www.segurosgoiena.com\/es\/noticias\/horario-de-verano\/\" \/>\n<meta property=\"og:locale\" content=\"es_ES\" \/>\n<meta property=\"og:type\" content=\"article\" \/>\n<meta property=\"og:title\" content=\"Horario de verano - Seguros Goiena\" \/>\n<meta property=\"og:description\" content=\"La oficina de Arrasate permanecer\u00e1 abierta en agosto \u2013excepto la segunda semana, del 9 al 13\u2013 con horario de 9:00 a 13:00. Tel\u00e9fono: 943 795981. Las oficinas de Bergara y Vitoria-Gasteiz permanecer\u00e1n cerradas por vacaciones del 2 al 30 de agosto. Listado de tel\u00e9fonos de asistencia. Deseamos una felices vacaciones a todos nuestros clientes y [&hellip;]\" \/>\n<meta property=\"og:url\" content=\"http:\/\/www.segurosgoiena.com\/es\/noticias\/horario-de-verano\/\" \/>\n<meta property=\"og:site_name\" content=\"Seguros Goiena\" \/>\n<meta property=\"article:published_time\" content=\"2021-07-30T06:38:39+00:00\" \/>\n<meta property=\"article:modified_time\" content=\"2021-07-30T08:00:21+00:00\" \/>\n<meta property=\"og:image\" content=\"http:\/\/www.segurosgoiena.com\/wp-content\/uploads\/2021\/07\/goiena2.jpg\" \/>\n\t<meta property=\"og:image:width\" content=\"1000\" \/>\n\t<meta property=\"og:image:height\" content=\"667\" \/>\n\t<meta property=\"og:image:type\" content=\"image\/jpeg\" \/>\n<meta name=\"author\" content=\"jlazkarate\" \/>\n<meta name=\"twitter:card\" content=\"summary_large_image\" \/>\n<meta name=\"twitter:label1\" content=\"Escrito por\" \/>\n\t<meta name=\"twitter:data1\" content=\"jlazkarate\" \/>\n<script type=\"application\/ld+json\" class=\"yoast-schema-graph\">{\"@context\":\"https:\/\/schema.org\",\"@graph\":[{\"@type\":\"WebPage\",\"@id\":\"http:\/\/www.segurosgoiena.com\/es\/noticias\/horario-de-verano\/\",\"url\":\"http:\/\/www.segurosgoiena.com\/es\/noticias\/horario-de-verano\/\",\"name\":\"Horario de verano - Seguros Goiena\",\"isPartOf\":{\"@id\":\"http:\/\/www.segurosgoiena.com\/es\/#website\"},\"primaryImageOfPage\":{\"@id\":\"http:\/\/www.segurosgoiena.com\/es\/noticias\/horario-de-verano\/#primaryimage\"},\"image\":{\"@id\":\"http:\/\/www.segurosgoiena.com\/es\/noticias\/horario-de-verano\/#primaryimage\"},\"thumbnailUrl\":\"http:\/\/www.segurosgoiena.com\/wp-content\/uploads\/2021\/07\/goiena2.jpg\",\"datePublished\":\"2021-07-30T06:38:39+00:00\",\"dateModified\":\"2021-07-30T08:00:21+00:00\",\"author\":{\"@id\":\"http:\/\/www.segurosgoiena.com\/es\/#\/schema\/person\/43fa93a9a4337acc051c6f6bd5d2837a\"},\"breadcrumb\":{\"@id\":\"http:\/\/www.segurosgoiena.com\/es\/noticias\/horario-de-verano\/#breadcrumb\"},\"inLanguage\":\"es\",\"potentialAction\":[{\"@type\":\"ReadAction\",\"target\":[\"http:\/\/www.segurosgoiena.com\/es\/noticias\/horario-de-verano\/\"]}]},{\"@type\":\"ImageObject\",\"inLanguage\":\"es\",\"@id\":\"http:\/\/www.segurosgoiena.com\/es\/noticias\/horario-de-verano\/#primaryimage\",\"url\":\"http:\/\/www.segurosgoiena.com\/wp-content\/uploads\/2021\/07\/goiena2.jpg\",\"contentUrl\":\"http:\/\/www.segurosgoiena.com\/wp-content\/uploads\/2021\/07\/goiena2.jpg\",\"width\":1000,\"height\":667,\"caption\":\"horario-verano\"},{\"@type\":\"BreadcrumbList\",\"@id\":\"http:\/\/www.segurosgoiena.com\/es\/noticias\/horario-de-verano\/#breadcrumb\",\"itemListElement\":[{\"@type\":\"ListItem\",\"position\":1,\"name\":\"Portada\",\"item\":\"http:\/\/www.segurosgoiena.com\/es\/\"},{\"@type\":\"ListItem\",\"position\":2,\"name\":\"Horario de verano\"}]},{\"@type\":\"WebSite\",\"@id\":\"http:\/\/www.segurosgoiena.com\/es\/#website\",\"url\":\"http:\/\/www.segurosgoiena.com\/es\/\",\"name\":\"Seguros Goiena\",\"description\":\"Seguros para empresas y particulares\",\"potentialAction\":[{\"@type\":\"SearchAction\",\"target\":{\"@type\":\"EntryPoint\",\"urlTemplate\":\"http:\/\/www.segurosgoiena.com\/es\/?s={search_term_string}\"},\"query-input\":\"required name=search_term_string\"}],\"inLanguage\":\"es\"},{\"@type\":\"Person\",\"@id\":\"http:\/\/www.segurosgoiena.com\/es\/#\/schema\/person\/43fa93a9a4337acc051c6f6bd5d2837a\",\"name\":\"jlazkarate\",\"image\":{\"@type\":\"ImageObject\",\"inLanguage\":\"es\",\"@id\":\"http:\/\/www.segurosgoiena.com\/es\/#\/schema\/person\/image\/\",\"url\":\"https:\/\/secure.gravatar.com\/avatar\/b56da7ae596d0187e898fa47378c9ac1f1f9116eeb3638d26c1d3c12990021ff?s=96&d=mm&r=g\",\"contentUrl\":\"https:\/\/secure.gravatar.com\/avatar\/b56da7ae596d0187e898fa47378c9ac1f1f9116eeb3638d26c1d3c12990021ff?s=96&d=mm&r=g\",\"caption\":\"jlazkarate\"},\"url\":\"http:\/\/www.segurosgoiena.com\/es\/author\/jlazkarate\/\"}]}<\/script>\n<!-- \/ Yoast SEO plugin. -->","yoast_head_json":{"title":"Horario de verano - Seguros Goiena","robots":{"index":"index","follow":"follow","max-snippet":"max-snippet:-1","max-image-preview":"max-image-preview:large","max-video-preview":"max-video-preview:-1"},"canonical":"http:\/\/www.segurosgoiena.com\/es\/noticias\/horario-de-verano\/","og_locale":"es_ES","og_type":"article","og_title":"Horario de verano - Seguros Goiena","og_description":"La oficina de Arrasate permanecer\u00e1 abierta en agosto \u2013excepto la segunda semana, del 9 al 13\u2013 con horario de 9:00 a 13:00. Tel\u00e9fono: 943 795981. Las oficinas de Bergara y Vitoria-Gasteiz permanecer\u00e1n cerradas por vacaciones del 2 al 30 de agosto. Listado de tel\u00e9fonos de asistencia. Deseamos una felices vacaciones a todos nuestros clientes y [&hellip;]","og_url":"http:\/\/www.segurosgoiena.com\/es\/noticias\/horario-de-verano\/","og_site_name":"Seguros Goiena","article_published_time":"2021-07-30T06:38:39+00:00","article_modified_time":"2021-07-30T08:00:21+00:00","og_image":[{"width":1000,"height":667,"url":"http:\/\/www.segurosgoiena.com\/wp-content\/uploads\/2021\/07\/goiena2.jpg","type":"image\/jpeg"}],"author":"jlazkarate","twitter_card":"summary_large_image","twitter_misc":{"Escrito por":"jlazkarate"},"schema":{"@context":"https:\/\/schema.org","@graph":[{"@type":"WebPage","@id":"http:\/\/www.segurosgoiena.com\/es\/noticias\/horario-de-verano\/","url":"http:\/\/www.segurosgoiena.com\/es\/noticias\/horario-de-verano\/","name":"Horario de verano - Seguros Goiena","isPartOf":{"@id":"http:\/\/www.segurosgoiena.com\/es\/#website"},"primaryImageOfPage":{"@id":"http:\/\/www.segurosgoiena.com\/es\/noticias\/horario-de-verano\/#primaryimage"},"image":{"@id":"http:\/\/www.segurosgoiena.com\/es\/noticias\/horario-de-verano\/#primaryimage"},"thumbnailUrl":"http:\/\/www.segurosgoiena.com\/wp-content\/uploads\/2021\/07\/goiena2.jpg","datePublished":"2021-07-30T06:38:39+00:00","dateModified":"2021-07-30T08:00:21+00:00","author":{"@id":"http:\/\/www.segurosgoiena.com\/es\/#\/schema\/person\/43fa93a9a4337acc051c6f6bd5d2837a"},"breadcrumb":{"@id":"http:\/\/www.segurosgoiena.com\/es\/noticias\/horario-de-verano\/#breadcrumb"},"inLanguage":"es","potentialAction":[{"@type":"ReadAction","target":["http:\/\/www.segurosgoiena.com\/es\/noticias\/horario-de-verano\/"]}]},{"@type":"ImageObject","inLanguage":"es","@id":"http:\/\/www.segurosgoiena.com\/es\/noticias\/horario-de-verano\/#primaryimage","url":"http:\/\/www.segurosgoiena.com\/wp-content\/uploads\/2021\/07\/goiena2.jpg","contentUrl":"http:\/\/www.segurosgoiena.com\/wp-content\/uploads\/2021\/07\/goiena2.jpg","width":1000,"height":667,"caption":"horario-verano"},{"@type":"BreadcrumbList","@id":"http:\/\/www.segurosgoiena.com\/es\/noticias\/horario-de-verano\/#breadcrumb","itemListElement":[{"@type":"ListItem","position":1,"name":"Portada","item":"http:\/\/www.segurosgoiena.com\/es\/"},{"@type":"ListItem","position":2,"name":"Horario de verano"}]},{"@type":"WebSite","@id":"http:\/\/www.segurosgoiena.com\/es\/#website","url":"http:\/\/www.segurosgoiena.com\/es\/","name":"Seguros Goiena","description":"Seguros para empresas y particulares","potentialAction":[{"@type":"SearchAction","target":{"@type":"EntryPoint","urlTemplate":"http:\/\/www.segurosgoiena.com\/es\/?s={search_term_string}"},"query-input":"required name=search_term_string"}],"inLanguage":"es"},{"@type":"Person","@id":"http:\/\/www.segurosgoiena.com\/es\/#\/schema\/person\/43fa93a9a4337acc051c6f6bd5d2837a","name":"jlazkarate","image":{"@type":"ImageObject","inLanguage":"es","@id":"http:\/\/www.segurosgoiena.com\/es\/#\/schema\/person\/image\/","url":"https:\/\/secure.gravatar.com\/avatar\/b56da7ae596d0187e898fa47378c9ac1f1f9116eeb3638d26c1d3c12990021ff?s=96&d=mm&r=g","contentUrl":"https:\/\/secure.gravatar.com\/avatar\/b56da7ae596d0187e898fa47378c9ac1f1f9116eeb3638d26c1d3c12990021ff?s=96&d=mm&r=g","caption":"jlazkarate"},"url":"http:\/\/www.segurosgoiena.com\/es\/author\/jlazkarate\/"}]}},"_links":{"self":[{"href":"http:\/\/www.segurosgoiena.com\/es\/wp-json\/wp\/v2\/posts\/2750","targetHints":{"allow":["GET"]}}],"collection":[{"href":"http:\/\/www.segurosgoiena.com\/es\/wp-json\/wp\/v2\/posts"}],"about":[{"href":"http:\/\/www.segurosgoiena.com\/es\/wp-json\/wp\/v2\/types\/post"}],"author":[{"embeddable":true,"href":"http:\/\/www.segurosgoiena.com\/es\/wp-json\/wp\/v2\/users\/2"}],"replies":[{"embeddable":true,"href":"http:\/\/www.segurosgoiena.com\/es\/wp-json\/wp\/v2\/comments?post=2750"}],"version-history":[{"count":2,"href":"http:\/\/www.segurosgoiena.com\/es\/wp-json\/wp\/v2\/posts\/2750\/revisions"}],"predecessor-version":[{"id":2754,"href":"http:\/\/www.segurosgoiena.com\/es\/wp-json\/wp\/v2\/posts\/2750\/revisions\/2754"}],"wp:featuredmedia":[{"embeddable":true,"href":"http:\/\/www.segurosgoiena.com\/es\/wp-json\/wp\/v2\/media\/2771"}],"wp:attachment":[{"href":"http:\/\/www.segurosgoiena.com\/es\/wp-json\/wp\/v2\/media?parent=2750"}],"wp:term":[{"taxonomy":"category","embeddable":true,"href":"http:\/\/www.segurosgoiena.com\/es\/wp-json\/wp\/v2\/categories?post=2750"},{"taxonomy":"post_tag","embeddable":true,"href":"http:\/\/www.segurosgoiena.com\/es\/wp-json\/wp\/v2\/tags?post=2750"}],"curies":[{"name":"wp","href":"https:\/\/api.w.org\/{rel}","templated":true}]}}