{"id":2739,"date":"2021-06-30T16:01:35","date_gmt":"2021-06-30T16:01:35","guid":{"rendered":"http:\/\/www.segurosgoiena.com\/?p=2739"},"modified":"2022-03-02T14:26:18","modified_gmt":"2022-03-02T14:26:18","slug":"a-partir-de-octubre-mas-empresas-deberan-realizar-un-analisis-de-riesgo-medioambiental","status":"publish","type":"post","link":"http:\/\/www.segurosgoiena.com\/es\/noticias\/a-partir-de-octubre-mas-empresas-deberan-realizar-un-analisis-de-riesgo-medioambiental\/","title":{"rendered":"A partir de octubre, m\u00e1s empresas deber\u00e1n realizar un an\u00e1lisis de riesgo medioambiental"},"content":{"rendered":"\n<p>A partir del pr\u00f3ximo mes de&nbsp;<strong>octubre<\/strong>&nbsp;entra en vigor la <a href=\"https:\/\/www.boe.es\/diario_boe\/txt.php?id=BOE-A-2019-14728\">prioridad 3 de la ley de Responsabilidad Medioambiental<\/a>. La principal novedad de esta ley es que m\u00e1s empresas estar\u00e1n obligadas a realizar un an\u00e1lisis de riesgo medioambiental.&nbsp; <\/p>\n\n\n\n<p>La nueva ley incluye<strong>&nbsp;56\ncategor\u00edas industriales<\/strong>&nbsp;que aglutinan a&nbsp;<strong>156 nuevas actividades\nque estar\u00e1n obligadas a realizar un an\u00e1lisis de riesgo medioambienta<\/strong>l\n(ARMA) y por tanto a contratar la garant\u00eda financiera obligatoria marcada por\nla ley en los casos previstos en la misma.<\/p>\n\n\n\n<p>Desde Seguros Goiena\nconsideramos que es un momento importante para tomar conciencia sobre la\nimportancia de la labores de asesor\u00eda e informaci\u00f3n en las nuevas\nresponsabilidades que contraer\u00e1n muchas empresas a partir de octubre de 2021. <\/p>\n\n\n\n<p>Lo que subyace detr\u00e1s de esta nueva ley es el principio de \u201cquien contamina, paga\u201d ya que la protecci\u00f3n del medio ambiente cada vez cobra mayor importancia en nuestra sociedad y la legislaci\u00f3n cada vez va a ser m\u00e1s dura tanto con las empresas como con los particulares que no lo protejan.&nbsp;&nbsp;<\/p>\n\n\n\n<h3 class=\"wp-block-heading\"><strong>Desde el sector de Seguros ofrecemos Prevenci\u00f3n ante el riesgo medioambiental <\/strong>&nbsp; <\/h3>\n\n\n\n<p>\u00bfNos&nbsp; garantiza adecuadamente nuestro seguro de\nResponsabilidad Civil General?<\/p>\n\n\n\n<p>No,&nbsp;si es de responsabilidad civil, aunque tenga una cobertura por Contaminaci\u00f3n Accidental (como es frecuente).<\/p>\n\n\n\n<p>De hecho, la responsabilidad civil es independiente de esta <a href=\"http:\/\/www.segurosgoiena.com\/es\/empresas\/seguros-goiena\/grandes-riesgos-empresas\/responsabilidad-civil\/seguro-de-responsabilidad-civil-medioambiental\/\">responsabilidad medioambiental<\/a>, con ella se cubren los da\u00f1os a terceros por contaminaci\u00f3n, pero no:<\/p>\n\n\n\n<ul class=\"wp-block-list\"><li>Las medidas de prevenci\u00f3n para evitar un da\u00f1o inminente.<\/li><\/ul>\n\n\n\n<ul class=\"wp-block-list\"><li>La reparaci\u00f3n total de los recursos naturales da\u00f1ados, independientemente de su valor econ\u00f3mico.<\/li><\/ul>\n\n\n\n<ul class=\"wp-block-list\"><li>Los da\u00f1os a dichos recursos que no sean por contaminaci\u00f3n.<\/li><\/ul>\n\n\n\n<ul class=\"wp-block-list\"><li>La contaminaci\u00f3n del suelo en el que se desarrolla la actividad asegurada.<\/li><\/ul>\n\n\n\n<p>Si est\u00e1 interesado en informarse sobre esta nueva ley y los productos que pueden ayudarle a mejorar la seguridad de su empresa, p\u00f3ngase en <a href=\"http:\/\/www.segurosgoiena.com\/es\/contacto\/\">contacto<\/a> con la Corredur\u00eda de Seguros Goiena. Estaremos encantados de asesorarle. <\/p>\n","protected":false},"excerpt":{"rendered":"<p>A partir del pr\u00f3ximo mes de&nbsp;octubre&nbsp;entra en vigor la prioridad 3 de la ley de Responsabilidad Medioambiental. La principal novedad de esta ley es que m\u00e1s empresas estar\u00e1n obligadas a realizar un an\u00e1lisis de riesgo medioambiental.&nbsp; La nueva ley incluye&nbsp;56 categor\u00edas industriales&nbsp;que aglutinan a&nbsp;156 nuevas actividades que estar\u00e1n obligadas a realizar un an\u00e1lisis de riesgo [&hellip;]<\/p>\n","protected":false},"author":2,"featured_media":2744,"comment_status":"open","ping_status":"open","sticky":false,"template":"","format":"standard","meta":{"_acf_changed":false,"footnotes":""},"categories":[9,1,10],"tags":[11],"class_list":["post-2739","post","type-post","status-publish","format-standard","has-post-thumbnail","hentry","category-empresas","category-noticias","category-particulares","tag-goiena-correduria-de-seguros"],"acf":[],"yoast_head":"<!-- This site is optimized with the Yoast SEO plugin v22.5 - https:\/\/yoast.com\/wordpress\/plugins\/seo\/ -->\n<title>A partir de octubre, m\u00e1s empresas deber\u00e1n realizar un an\u00e1lisis de riesgo medioambiental - Seguros Goiena<\/title>\n<meta name=\"description\" content=\"En octubre entrar\u00e1 en vigor la prioridad 3 de la ley de Responsabilidad Medioambiental. M\u00e1s empresas deber\u00e1n hacer un an\u00e1lisis de riesgo medioambiental.\" \/>\n<meta name=\"robots\" content=\"index, follow, max-snippet:-1, max-image-preview:large, max-video-preview:-1\" \/>\n<link rel=\"canonical\" href=\"http:\/\/www.segurosgoiena.com\/es\/noticias\/a-partir-de-octubre-mas-empresas-deberan-realizar-un-analisis-de-riesgo-medioambiental\/\" \/>\n<meta property=\"og:locale\" content=\"es_ES\" \/>\n<meta property=\"og:type\" content=\"article\" \/>\n<meta property=\"og:title\" content=\"A partir de octubre, m\u00e1s empresas deber\u00e1n realizar un an\u00e1lisis de riesgo medioambiental - Seguros Goiena\" \/>\n<meta property=\"og:description\" content=\"En octubre entrar\u00e1 en vigor la prioridad 3 de la ley de Responsabilidad Medioambiental. M\u00e1s empresas deber\u00e1n hacer un an\u00e1lisis de riesgo medioambiental.\" \/>\n<meta property=\"og:url\" content=\"http:\/\/www.segurosgoiena.com\/es\/noticias\/a-partir-de-octubre-mas-empresas-deberan-realizar-un-analisis-de-riesgo-medioambiental\/\" \/>\n<meta property=\"og:site_name\" content=\"Seguros Goiena\" \/>\n<meta property=\"article:published_time\" content=\"2021-06-30T16:01:35+00:00\" \/>\n<meta property=\"article:modified_time\" content=\"2022-03-02T14:26:18+00:00\" \/>\n<meta property=\"og:image\" content=\"http:\/\/www.segurosgoiena.com\/wp-content\/uploads\/2021\/06\/riesgo.jpg\" \/>\n\t<meta property=\"og:image:width\" content=\"1500\" \/>\n\t<meta property=\"og:image:height\" content=\"1001\" \/>\n\t<meta property=\"og:image:type\" content=\"image\/jpeg\" \/>\n<meta name=\"author\" content=\"jlazkarate\" \/>\n<meta name=\"twitter:card\" content=\"summary_large_image\" \/>\n<meta name=\"twitter:label1\" content=\"Escrito por\" \/>\n\t<meta name=\"twitter:data1\" content=\"jlazkarate\" \/>\n\t<meta name=\"twitter:label2\" content=\"Tiempo de lectura\" \/>\n\t<meta name=\"twitter:data2\" content=\"2 minutos\" \/>\n<script type=\"application\/ld+json\" class=\"yoast-schema-graph\">{\"@context\":\"https:\/\/schema.org\",\"@graph\":[{\"@type\":\"WebPage\",\"@id\":\"http:\/\/www.segurosgoiena.com\/es\/noticias\/a-partir-de-octubre-mas-empresas-deberan-realizar-un-analisis-de-riesgo-medioambiental\/\",\"url\":\"http:\/\/www.segurosgoiena.com\/es\/noticias\/a-partir-de-octubre-mas-empresas-deberan-realizar-un-analisis-de-riesgo-medioambiental\/\",\"name\":\"A partir de octubre, m\u00e1s empresas deber\u00e1n realizar un an\u00e1lisis de riesgo medioambiental - Seguros Goiena\",\"isPartOf\":{\"@id\":\"http:\/\/www.segurosgoiena.com\/es\/#website\"},\"primaryImageOfPage\":{\"@id\":\"http:\/\/www.segurosgoiena.com\/es\/noticias\/a-partir-de-octubre-mas-empresas-deberan-realizar-un-analisis-de-riesgo-medioambiental\/#primaryimage\"},\"image\":{\"@id\":\"http:\/\/www.segurosgoiena.com\/es\/noticias\/a-partir-de-octubre-mas-empresas-deberan-realizar-un-analisis-de-riesgo-medioambiental\/#primaryimage\"},\"thumbnailUrl\":\"http:\/\/www.segurosgoiena.com\/wp-content\/uploads\/2021\/06\/riesgo.jpg\",\"datePublished\":\"2021-06-30T16:01:35+00:00\",\"dateModified\":\"2022-03-02T14:26:18+00:00\",\"author\":{\"@id\":\"http:\/\/www.segurosgoiena.com\/es\/#\/schema\/person\/43fa93a9a4337acc051c6f6bd5d2837a\"},\"description\":\"En octubre entrar\u00e1 en vigor la prioridad 3 de la ley de Responsabilidad Medioambiental. M\u00e1s empresas deber\u00e1n hacer un an\u00e1lisis de riesgo medioambiental.\",\"breadcrumb\":{\"@id\":\"http:\/\/www.segurosgoiena.com\/es\/noticias\/a-partir-de-octubre-mas-empresas-deberan-realizar-un-analisis-de-riesgo-medioambiental\/#breadcrumb\"},\"inLanguage\":\"es\",\"potentialAction\":[{\"@type\":\"ReadAction\",\"target\":[\"http:\/\/www.segurosgoiena.com\/es\/noticias\/a-partir-de-octubre-mas-empresas-deberan-realizar-un-analisis-de-riesgo-medioambiental\/\"]}]},{\"@type\":\"ImageObject\",\"inLanguage\":\"es\",\"@id\":\"http:\/\/www.segurosgoiena.com\/es\/noticias\/a-partir-de-octubre-mas-empresas-deberan-realizar-un-analisis-de-riesgo-medioambiental\/#primaryimage\",\"url\":\"http:\/\/www.segurosgoiena.com\/wp-content\/uploads\/2021\/06\/riesgo.jpg\",\"contentUrl\":\"http:\/\/www.segurosgoiena.com\/wp-content\/uploads\/2021\/06\/riesgo.jpg\",\"width\":1500,\"height\":1001,\"caption\":\"riesgo-medioambiental\"},{\"@type\":\"BreadcrumbList\",\"@id\":\"http:\/\/www.segurosgoiena.com\/es\/noticias\/a-partir-de-octubre-mas-empresas-deberan-realizar-un-analisis-de-riesgo-medioambiental\/#breadcrumb\",\"itemListElement\":[{\"@type\":\"ListItem\",\"position\":1,\"name\":\"Portada\",\"item\":\"http:\/\/www.segurosgoiena.com\/es\/\"},{\"@type\":\"ListItem\",\"position\":2,\"name\":\"A partir de octubre, m\u00e1s empresas deber\u00e1n realizar un an\u00e1lisis de riesgo medioambiental\"}]},{\"@type\":\"WebSite\",\"@id\":\"http:\/\/www.segurosgoiena.com\/es\/#website\",\"url\":\"http:\/\/www.segurosgoiena.com\/es\/\",\"name\":\"Seguros Goiena\",\"description\":\"Seguros para empresas y particulares\",\"potentialAction\":[{\"@type\":\"SearchAction\",\"target\":{\"@type\":\"EntryPoint\",\"urlTemplate\":\"http:\/\/www.segurosgoiena.com\/es\/?s={search_term_string}\"},\"query-input\":\"required name=search_term_string\"}],\"inLanguage\":\"es\"},{\"@type\":\"Person\",\"@id\":\"http:\/\/www.segurosgoiena.com\/es\/#\/schema\/person\/43fa93a9a4337acc051c6f6bd5d2837a\",\"name\":\"jlazkarate\",\"image\":{\"@type\":\"ImageObject\",\"inLanguage\":\"es\",\"@id\":\"http:\/\/www.segurosgoiena.com\/es\/#\/schema\/person\/image\/\",\"url\":\"https:\/\/secure.gravatar.com\/avatar\/b56da7ae596d0187e898fa47378c9ac1f1f9116eeb3638d26c1d3c12990021ff?s=96&d=mm&r=g\",\"contentUrl\":\"https:\/\/secure.gravatar.com\/avatar\/b56da7ae596d0187e898fa47378c9ac1f1f9116eeb3638d26c1d3c12990021ff?s=96&d=mm&r=g\",\"caption\":\"jlazkarate\"},\"url\":\"http:\/\/www.segurosgoiena.com\/es\/author\/jlazkarate\/\"}]}<\/script>\n<!-- \/ Yoast SEO plugin. -->","yoast_head_json":{"title":"A partir de octubre, m\u00e1s empresas deber\u00e1n realizar un an\u00e1lisis de riesgo medioambiental - Seguros Goiena","description":"En octubre entrar\u00e1 en vigor la prioridad 3 de la ley de Responsabilidad Medioambiental. M\u00e1s empresas deber\u00e1n hacer un an\u00e1lisis de riesgo medioambiental.","robots":{"index":"index","follow":"follow","max-snippet":"max-snippet:-1","max-image-preview":"max-image-preview:large","max-video-preview":"max-video-preview:-1"},"canonical":"http:\/\/www.segurosgoiena.com\/es\/noticias\/a-partir-de-octubre-mas-empresas-deberan-realizar-un-analisis-de-riesgo-medioambiental\/","og_locale":"es_ES","og_type":"article","og_title":"A partir de octubre, m\u00e1s empresas deber\u00e1n realizar un an\u00e1lisis de riesgo medioambiental - Seguros Goiena","og_description":"En octubre entrar\u00e1 en vigor la prioridad 3 de la ley de Responsabilidad Medioambiental. M\u00e1s empresas deber\u00e1n hacer un an\u00e1lisis de riesgo medioambiental.","og_url":"http:\/\/www.segurosgoiena.com\/es\/noticias\/a-partir-de-octubre-mas-empresas-deberan-realizar-un-analisis-de-riesgo-medioambiental\/","og_site_name":"Seguros Goiena","article_published_time":"2021-06-30T16:01:35+00:00","article_modified_time":"2022-03-02T14:26:18+00:00","og_image":[{"width":1500,"height":1001,"url":"http:\/\/www.segurosgoiena.com\/wp-content\/uploads\/2021\/06\/riesgo.jpg","type":"image\/jpeg"}],"author":"jlazkarate","twitter_card":"summary_large_image","twitter_misc":{"Escrito por":"jlazkarate","Tiempo de lectura":"2 minutos"},"schema":{"@context":"https:\/\/schema.org","@graph":[{"@type":"WebPage","@id":"http:\/\/www.segurosgoiena.com\/es\/noticias\/a-partir-de-octubre-mas-empresas-deberan-realizar-un-analisis-de-riesgo-medioambiental\/","url":"http:\/\/www.segurosgoiena.com\/es\/noticias\/a-partir-de-octubre-mas-empresas-deberan-realizar-un-analisis-de-riesgo-medioambiental\/","name":"A partir de octubre, m\u00e1s empresas deber\u00e1n realizar un an\u00e1lisis de riesgo medioambiental - Seguros Goiena","isPartOf":{"@id":"http:\/\/www.segurosgoiena.com\/es\/#website"},"primaryImageOfPage":{"@id":"http:\/\/www.segurosgoiena.com\/es\/noticias\/a-partir-de-octubre-mas-empresas-deberan-realizar-un-analisis-de-riesgo-medioambiental\/#primaryimage"},"image":{"@id":"http:\/\/www.segurosgoiena.com\/es\/noticias\/a-partir-de-octubre-mas-empresas-deberan-realizar-un-analisis-de-riesgo-medioambiental\/#primaryimage"},"thumbnailUrl":"http:\/\/www.segurosgoiena.com\/wp-content\/uploads\/2021\/06\/riesgo.jpg","datePublished":"2021-06-30T16:01:35+00:00","dateModified":"2022-03-02T14:26:18+00:00","author":{"@id":"http:\/\/www.segurosgoiena.com\/es\/#\/schema\/person\/43fa93a9a4337acc051c6f6bd5d2837a"},"description":"En octubre entrar\u00e1 en vigor la prioridad 3 de la ley de Responsabilidad Medioambiental. M\u00e1s empresas deber\u00e1n hacer un an\u00e1lisis de riesgo medioambiental.","breadcrumb":{"@id":"http:\/\/www.segurosgoiena.com\/es\/noticias\/a-partir-de-octubre-mas-empresas-deberan-realizar-un-analisis-de-riesgo-medioambiental\/#breadcrumb"},"inLanguage":"es","potentialAction":[{"@type":"ReadAction","target":["http:\/\/www.segurosgoiena.com\/es\/noticias\/a-partir-de-octubre-mas-empresas-deberan-realizar-un-analisis-de-riesgo-medioambiental\/"]}]},{"@type":"ImageObject","inLanguage":"es","@id":"http:\/\/www.segurosgoiena.com\/es\/noticias\/a-partir-de-octubre-mas-empresas-deberan-realizar-un-analisis-de-riesgo-medioambiental\/#primaryimage","url":"http:\/\/www.segurosgoiena.com\/wp-content\/uploads\/2021\/06\/riesgo.jpg","contentUrl":"http:\/\/www.segurosgoiena.com\/wp-content\/uploads\/2021\/06\/riesgo.jpg","width":1500,"height":1001,"caption":"riesgo-medioambiental"},{"@type":"BreadcrumbList","@id":"http:\/\/www.segurosgoiena.com\/es\/noticias\/a-partir-de-octubre-mas-empresas-deberan-realizar-un-analisis-de-riesgo-medioambiental\/#breadcrumb","itemListElement":[{"@type":"ListItem","position":1,"name":"Portada","item":"http:\/\/www.segurosgoiena.com\/es\/"},{"@type":"ListItem","position":2,"name":"A partir de octubre, m\u00e1s empresas deber\u00e1n realizar un an\u00e1lisis de riesgo medioambiental"}]},{"@type":"WebSite","@id":"http:\/\/www.segurosgoiena.com\/es\/#website","url":"http:\/\/www.segurosgoiena.com\/es\/","name":"Seguros Goiena","description":"Seguros para empresas y particulares","potentialAction":[{"@type":"SearchAction","target":{"@type":"EntryPoint","urlTemplate":"http:\/\/www.segurosgoiena.com\/es\/?s={search_term_string}"},"query-input":"required name=search_term_string"}],"inLanguage":"es"},{"@type":"Person","@id":"http:\/\/www.segurosgoiena.com\/es\/#\/schema\/person\/43fa93a9a4337acc051c6f6bd5d2837a","name":"jlazkarate","image":{"@type":"ImageObject","inLanguage":"es","@id":"http:\/\/www.segurosgoiena.com\/es\/#\/schema\/person\/image\/","url":"https:\/\/secure.gravatar.com\/avatar\/b56da7ae596d0187e898fa47378c9ac1f1f9116eeb3638d26c1d3c12990021ff?s=96&d=mm&r=g","contentUrl":"https:\/\/secure.gravatar.com\/avatar\/b56da7ae596d0187e898fa47378c9ac1f1f9116eeb3638d26c1d3c12990021ff?s=96&d=mm&r=g","caption":"jlazkarate"},"url":"http:\/\/www.segurosgoiena.com\/es\/author\/jlazkarate\/"}]}},"_links":{"self":[{"href":"http:\/\/www.segurosgoiena.com\/es\/wp-json\/wp\/v2\/posts\/2739","targetHints":{"allow":["GET"]}}],"collection":[{"href":"http:\/\/www.segurosgoiena.com\/es\/wp-json\/wp\/v2\/posts"}],"about":[{"href":"http:\/\/www.segurosgoiena.com\/es\/wp-json\/wp\/v2\/types\/post"}],"author":[{"embeddable":true,"href":"http:\/\/www.segurosgoiena.com\/es\/wp-json\/wp\/v2\/users\/2"}],"replies":[{"embeddable":true,"href":"http:\/\/www.segurosgoiena.com\/es\/wp-json\/wp\/v2\/comments?post=2739"}],"version-history":[{"count":7,"href":"http:\/\/www.segurosgoiena.com\/es\/wp-json\/wp\/v2\/posts\/2739\/revisions"}],"predecessor-version":[{"id":2748,"href":"http:\/\/www.segurosgoiena.com\/es\/wp-json\/wp\/v2\/posts\/2739\/revisions\/2748"}],"wp:featuredmedia":[{"embeddable":true,"href":"http:\/\/www.segurosgoiena.com\/es\/wp-json\/wp\/v2\/media\/2744"}],"wp:attachment":[{"href":"http:\/\/www.segurosgoiena.com\/es\/wp-json\/wp\/v2\/media?parent=2739"}],"wp:term":[{"taxonomy":"category","embeddable":true,"href":"http:\/\/www.segurosgoiena.com\/es\/wp-json\/wp\/v2\/categories?post=2739"},{"taxonomy":"post_tag","embeddable":true,"href":"http:\/\/www.segurosgoiena.com\/es\/wp-json\/wp\/v2\/tags?post=2739"}],"curies":[{"name":"wp","href":"https:\/\/api.w.org\/{rel}","templated":true}]}}